{"id":151037,"date":"2025-11-13T21:54:08","date_gmt":"2025-11-13T21:54:08","guid":{"rendered":"https:\/\/www.europesays.com\/pt\/151037\/"},"modified":"2025-11-13T21:54:08","modified_gmt":"2025-11-13T21:54:08","slug":"mundial2026-emirados-e-iraque-empatam-na-primeira-mao-do-play-off-de-apuramento","status":"publish","type":"post","link":"https:\/\/www.europesays.com\/pt\/151037\/","title":{"rendered":"Mundial2026. Emirados e Iraque empatam na primeira m\u00e3o do play-off de apuramento"},"content":{"rendered":"<p>                Em Abu Dabhi, Ali AL Hamadi abriu o ativo para os iraquianos, quando decorria o minuto 10, uma vantagem anulada oito minutos depois, por interm\u00e9dio de Luan Pereira, com a igualdade a permanecer ap\u00f3s o tempo de intervalo.<\/p>\n<p>O encontro da segunda m\u00e3o est\u00e1 agendado para ter\u00e7a-feira, em Basra, a partir das 16:00 (horas em Lisboa), sendo que o vencedor ser\u00e1 o \u00fanico representando asi\u00e1tico no play-off decisivo.<\/p>\n<p>Iraque e Emirados \u00c1rabes Unidos procuram apurar-se pela segunda vez para a fase final de um Mundial, depois das estreias em 1986, no M\u00e9xico, e em 1990, em It\u00e1lia, respetivamente.<\/p>\n<p>A fase final do Mundial2026 vai disputar-se nos Estados Unidos, no Canad\u00e1 e no M\u00e9xico, entre 11 de junho e 19 de julho, e pela primeira vez vai ter 48 sele\u00e7\u00f5es. &#13;\n            <\/p>\n","protected":false},"excerpt":{"rendered":"Em Abu Dabhi, Ali AL Hamadi abriu o ativo para os iraquianos, quando decorria o minuto 10, uma&hellip;\n","protected":false},"author":2,"featured_media":151038,"comment_status":"","ping_status":"","sticky":false,"template":"","format":"standard","meta":{"footnotes":""},"categories":[87],"tags":[135,13,32,33,420,421,134],"class_list":{"0":"post-151037","1":"post","2":"type-post","3":"status-publish","4":"format-standard","5":"has-post-thumbnail","7":"category-desporto","8":"tag-desporto","9":"tag-noticias","10":"tag-portugal","11":"tag-pt","12":"tag-rtp","13":"tag-rtp-noticias","14":"tag-sports"},"share_on_mastodon":{"url":"https:\/\/pubeurope.com\/@pt\/115544619156595664","error":""},"_links":{"self":[{"href":"https:\/\/www.europesays.com\/pt\/wp-json\/wp\/v2\/posts\/151037","targetHints":{"allow":["GET"]}}],"collection":[{"href":"https:\/\/www.europesays.com\/pt\/wp-json\/wp\/v2\/posts"}],"about":[{"href":"https:\/\/www.europesays.com\/pt\/wp-json\/wp\/v2\/types\/post"}],"author":[{"embeddable":true,"href":"https:\/\/www.europesays.com\/pt\/wp-json\/wp\/v2\/users\/2"}],"replies":[{"embeddable":true,"href":"https:\/\/www.europesays.com\/pt\/wp-json\/wp\/v2\/comments?post=151037"}],"version-history":[{"count":0,"href":"https:\/\/www.europesays.com\/pt\/wp-json\/wp\/v2\/posts\/151037\/revisions"}],"wp:featuredmedia":[{"embeddable":true,"href":"https:\/\/www.europesays.com\/pt\/wp-json\/wp\/v2\/media\/151038"}],"wp:attachment":[{"href":"https:\/\/www.europesays.com\/pt\/wp-json\/wp\/v2\/media?parent=151037"}],"wp:term":[{"taxonomy":"category","embeddable":true,"href":"https:\/\/www.europesays.com\/pt\/wp-json\/wp\/v2\/categories?post=151037"},{"taxonomy":"post_tag","embeddable":true,"href":"https:\/\/www.europesays.com\/pt\/wp-json\/wp\/v2\/tags?post=151037"}],"curies":[{"name":"wp","href":"https:\/\/api.w.org\/{rel}","templated":true}]}}