{"id":151039,"date":"2025-11-13T21:55:09","date_gmt":"2025-11-13T21:55:09","guid":{"rendered":"https:\/\/www.europesays.com\/pt\/151039\/"},"modified":"2025-11-13T21:55:09","modified_gmt":"2025-11-13T21:55:09","slug":"canada-perde-anos-de-progresso-na-luta-contra-o-sarampo-13-11-2025-equilibrio-e-saude","status":"publish","type":"post","link":"https:\/\/www.europesays.com\/pt\/151039\/","title":{"rendered":"Canad\u00e1 perde anos de progresso na luta contra o sarampo &#8211; 13\/11\/2025 &#8211; Equil\u00edbrio e Sa\u00fade"},"content":{"rendered":"<p>O <a href=\"https:\/\/www1.folha.uol.com.br\/folha-topicos\/canada\/\" rel=\"nofollow noopener\" target=\"_blank\">Canad\u00e1<\/a> perdeu oficialmente seu status de pa\u00eds que eliminou o sarampo, o v\u00edrus altamente infeccioso que era considerado erradicado no pa\u00eds desde 1998, anunciou a ag\u00eancia federal de sa\u00fade na segunda-feira (10).<\/p>\n<p>Embora tenha havido alguns surtos limitados nas \u00faltimas d\u00e9cadas, a doen\u00e7a ressurgiu em outubro de 2024. Ela se estabeleceu em v\u00e1rias prov\u00edncias e se espalhou por mais de 12 meses consecutivos, o limite estabelecido pela OMS (Organiza\u00e7\u00e3o Mundial da Sa\u00fade) para que um pa\u00eds perca seu status de elimina\u00e7\u00e3o.<\/p>\n<p>O <a href=\"https:\/\/www1.folha.uol.com.br\/folha-topicos\/estados-unidos\/\" rel=\"nofollow noopener\" target=\"_blank\">Estados Unidos<\/a> e o <a href=\"https:\/\/www1.folha.uol.com.br\/folha-topicos\/mexico\/\" rel=\"nofollow noopener\" target=\"_blank\">M\u00e9xico<\/a> tamb\u00e9m experimentaram surtos que adoeceram milhares de pessoas ao longo de v\u00e1rios meses. Seus status de elimina\u00e7\u00e3o est\u00e3o em risco se os casos de sarampo continuarem a se espalhar dentro desses pa\u00edses um ano ap\u00f3s o surto inicial.<\/p>\n<p>Os <a href=\"https:\/\/www1.folha.uol.com.br\/equilibrioesaude\/2025\/07\/eua-enfrenta-pior-epidemia-de-sarampo-do-seculo-21-diz-universidade.shtml\" rel=\"nofollow noopener\" target=\"\">Estados Unidos, que relataram mais de 1.600 casos<\/a>, atingiriam esse marco em janeiro e, para o M\u00e9xico, com mais de 4.000 casos, seria em fevereiro.<\/p>\n<p>Outros pa\u00edses com surtos ativos s\u00e3o Belize, Bol\u00edvia, Brasil e Paraguai.<\/p>\n<p>Pode levar v\u00e1rios anos para que os pa\u00edses recuperem seu status de elimina\u00e7\u00e3o, diz Alvaro Whittembury, especialista em imuniza\u00e7\u00e3o da Organiza\u00e7\u00e3o Pan-Americana da Sa\u00fade. Ele apontou o exemplo do Brasil, que perdeu seu status em 2019, interrompeu a propaga\u00e7\u00e3o end\u00eamica em 2022 e <a href=\"https:\/\/www1.folha.uol.com.br\/equilibrioesaude\/2024\/11\/brasil-recupera-certificado-pela-erradicacao-do-sarampo.shtml\" rel=\"nofollow noopener\" target=\"\">recuperou seu status em 2024.<\/a><\/p>\n<p>Como o Canad\u00e1 chegou a esse ponto?<\/p>\n<p>Uma combina\u00e7\u00e3o de taxas de <a href=\"https:\/\/www1.folha.uol.com.br\/folha-topicos\/vacinacao\/\" rel=\"nofollow noopener\" target=\"_blank\">vacina\u00e7\u00e3o<\/a> em queda e um choque entre pol\u00edtica e pol\u00edticas de sa\u00fade p\u00fablica na era p\u00f3s-pandemia contribu\u00edram para o surto no Canad\u00e1.<\/p>\n<p>Em todo o Canad\u00e1, 79% das crian\u00e7as de 7 anos estavam totalmente vacinadas contra o sarampo em 2021, o ano mais recente para o qual h\u00e1 dados dispon\u00edveis, uma queda em rela\u00e7\u00e3o aos 83% em 2019. Isso \u00e9 muito inferior ao limite de 95% que os especialistas dizem ser necess\u00e1rio para impedir a propaga\u00e7\u00e3o do v\u00edrus.<\/p>\n<p><a href=\"https:\/\/www1.folha.uol.com.br\/equilibrioesaude\/2025\/07\/epidemia-de-sarampo-reacende-divisoes-sobre-vacinas-em-cidade-no-canada.shtml\" rel=\"nofollow noopener\" target=\"\">A maior concentra\u00e7\u00e3o de casos no Canad\u00e1<\/a> ocorreu em Alberta, uma prov\u00edncia ocidental que tem enfatizado as liberdades pessoais para rejeitar a vacina\u00e7\u00e3o. Pol\u00edticos e autoridades de sa\u00fade entraram em conflito em abril, quando o principal m\u00e9dico da prov\u00edncia renunciou justamente quando o v\u00edrus estava ganhando novos focos no Canad\u00e1.<\/p>\n<p>Comunidades menonitas culturalmente conservadoras t\u00eam sido um foco do surto, de acordo com Marina Salvadori, pesquisadora de doen\u00e7as infecciosas pedi\u00e1tricas e consultora m\u00e9dica da Ag\u00eancia de Sa\u00fade P\u00fablica do Canad\u00e1. <a href=\"https:\/\/www1.folha.uol.com.br\/equilibrioesaude\/2025\/04\/movimento-antivax-surgiu-com-a-propria-vacina-em-1796-e-ganhou-forca-na-pandemia-da-covid.shtml\" rel=\"nofollow noopener\" target=\"\">Historicamente, esses grupos t\u00eam sido menos propensos a aceitar vacinas<\/a>, embora o governo n\u00e3o tenha fornecido dados demogr\u00e1ficos precisos sobre os casos.<\/p>\n<p>O v\u00edrus eclodiu em alguns outros lugares com comunidades menonitas significativas, incluindo o oeste do <a href=\"https:\/\/www1.folha.uol.com.br\/equilibrioesaude\/2025\/03\/casos-de-sarampo-no-texas-e-no-novo-mexico-sobem-para-294.shtml\" rel=\"nofollow noopener\" target=\"\">Texas<\/a>, nos Estados Unidos e em Chihuahua, no <a href=\"https:\/\/www1.folha.uol.com.br\/equilibrioesaude\/2025\/03\/apos-surto-no-texas-22-casos-de-sarampo-sao-confirmados-no-mexico.shtml\" rel=\"nofollow noopener\" target=\"\">M\u00e9xico.<\/a><\/p>\n<p>Especialistas em sa\u00fade p\u00fablica no Canad\u00e1 est\u00e3o preocupados que o sarampo seja um pren\u00fancio do retorno de outras doen\u00e7as, como a poliomielite, que anteriormente eram consideradas controladas.<\/p>\n<p>&#8220;O sarampo \u00e9 o can\u00e1rio na mina de carv\u00e3o devido \u00e0 sua fenomenal transmissibilidade&#8221;, diz Brian Ward, professor que estuda doen\u00e7as infecciosas na Universidade McGill em Montreal.<\/p>\n<p>Quando um pa\u00eds perde seu status de elimina\u00e7\u00e3o de doen\u00e7a, toda a regi\u00e3o das Am\u00e9ricas tamb\u00e9m \u00e9 vista como tendo perdido seu status. A designa\u00e7\u00e3o \u00e9 feita por um grupo independente de especialistas da Opas (Organiza\u00e7\u00e3o Pan-Americana da Sa\u00fade), um escrit\u00f3rio regional da OMS que representa 35 pa\u00edses nas Am\u00e9ricas.<\/p>\n<p>O que o Canad\u00e1 est\u00e1 fazendo agora?<\/p>\n<p>Uma porta-voz da ministra da Sa\u00fade do Canad\u00e1, Marjorie Michel, diz que ela est\u00e1 &#8220;acompanhando a situa\u00e7\u00e3o de perto&#8221; e trabalhando com autoridades de sa\u00fade provinciais. Maddison McKee, porta-voz do ministro da sa\u00fade da prov\u00edncia, observou que os novos casos haviam ca\u00eddo para um d\u00edgito nos \u00faltimos meses.<\/p>\n<p>&#8220;Autoridades de sa\u00fade p\u00fablica implementaram campanhas de vacina\u00e7\u00e3o direcionadas, ampliaram o hor\u00e1rio das cl\u00ednicas e lan\u00e7aram divulga\u00e7\u00e3o em toda a prov\u00edncia&#8221;, escreve McKee em um email. &#8220;Desde mar\u00e7o, mais de 130.000 <a href=\"https:\/\/www1.folha.uol.com.br\/equilibrioesaude\/2025\/08\/surto-de-sarampo-piora-na-america-do-norte-e-ja-conta-18-mortos-neste-ano-diz-opas.shtml\" rel=\"nofollow noopener\" target=\"\">vacinas contra o sarampo <\/a>foram administradas em toda Alberta \u2014um aumento de 50% em compara\u00e7\u00e3o com o mesmo per\u00edodo do ano passado.&#8221;<\/p>\n<p>    Cuide-se<\/p>\n<p class=\"c-newsletter__subtitle\">Ci\u00eancia, h\u00e1bitos e preven\u00e7\u00e3o numa newsletter para a sua sa\u00fade e bem-estar<\/p>\n<p>Para recuperar seu status de elimina\u00e7\u00e3o, o Canad\u00e1 ter\u00e1 que mostrar que n\u00e3o teve propaga\u00e7\u00e3o end\u00eamica do v\u00edrus durante 12 meses consecutivos.<\/p>\n<p>Para isso, dizem os especialistas em sa\u00fade p\u00fablica, o Canad\u00e1 ter\u00e1 que <a href=\"https:\/\/www1.folha.uol.com.br\/equilibrioesaude\/2025\/06\/sao-paulo-lanca-campanha-para-vacinar-bebes-contra-sarampo-apos-surtos-no-exterior.shtml\" rel=\"nofollow noopener\" target=\"\">aumentar o alcance da vacina\u00e7\u00e3o.<\/a><\/p>\n<p>&#8220;\u00c9 realmente a melhor ferramenta em nosso arsenal para acabar com um surto&#8221;, diz Shelly Bolotin, diretora do Centro de Doen\u00e7as Preven\u00edveis por Vacinas da Escola de Sa\u00fade P\u00fablica Dalla Lana da Universidade de Toronto.<\/p>\n","protected":false},"excerpt":{"rendered":"O Canad\u00e1 perdeu oficialmente seu status de pa\u00eds que eliminou o sarampo, o v\u00edrus altamente infeccioso que era&hellip;\n","protected":false},"author":2,"featured_media":151040,"comment_status":"","ping_status":"","sticky":false,"template":"","format":"standard","meta":{"footnotes":""},"categories":[86],"tags":[7809,1028,10661,2965,92,235,236,116,1872,32,33,1670,117,1822,2820],"class_list":{"0":"post-151039","1":"post","2":"type-post","3":"status-publish","4":"format-standard","5":"has-post-thumbnail","7":"category-saude","8":"tag-america-do-norte","9":"tag-america-latina","10":"tag-antivacina","11":"tag-canada","12":"tag-donald-trump","13":"tag-estados-unidos","14":"tag-folha","15":"tag-health","16":"tag-mexico","17":"tag-portugal","18":"tag-pt","19":"tag-sarampo","20":"tag-saude","21":"tag-the-new-york-times","22":"tag-vacinacao"},"share_on_mastodon":{"url":"https:\/\/pubeurope.com\/@pt\/115544622542242532","error":""},"_links":{"self":[{"href":"https:\/\/www.europesays.com\/pt\/wp-json\/wp\/v2\/posts\/151039","targetHints":{"allow":["GET"]}}],"collection":[{"href":"https:\/\/www.europesays.com\/pt\/wp-json\/wp\/v2\/posts"}],"about":[{"href":"https:\/\/www.europesays.com\/pt\/wp-json\/wp\/v2\/types\/post"}],"author":[{"embeddable":true,"href":"https:\/\/www.europesays.com\/pt\/wp-json\/wp\/v2\/users\/2"}],"replies":[{"embeddable":true,"href":"https:\/\/www.europesays.com\/pt\/wp-json\/wp\/v2\/comments?post=151039"}],"version-history":[{"count":0,"href":"https:\/\/www.europesays.com\/pt\/wp-json\/wp\/v2\/posts\/151039\/revisions"}],"wp:featuredmedia":[{"embeddable":true,"href":"https:\/\/www.europesays.com\/pt\/wp-json\/wp\/v2\/media\/151040"}],"wp:attachment":[{"href":"https:\/\/www.europesays.com\/pt\/wp-json\/wp\/v2\/media?parent=151039"}],"wp:term":[{"taxonomy":"category","embeddable":true,"href":"https:\/\/www.europesays.com\/pt\/wp-json\/wp\/v2\/categories?post=151039"},{"taxonomy":"post_tag","embeddable":true,"href":"https:\/\/www.europesays.com\/pt\/wp-json\/wp\/v2\/tags?post=151039"}],"curies":[{"name":"wp","href":"https:\/\/api.w.org\/{rel}","templated":true}]}}