{"id":151043,"date":"2025-11-13T21:58:24","date_gmt":"2025-11-13T21:58:24","guid":{"rendered":"https:\/\/www.europesays.com\/pt\/151043\/"},"modified":"2025-11-13T21:58:24","modified_gmt":"2025-11-13T21:58:24","slug":"continente-ja-abriu-novo-hipermercado-no-alto-minho-e-criou-21-postos-de-trabalho","status":"publish","type":"post","link":"https:\/\/www.europesays.com\/pt\/151043\/","title":{"rendered":"Continente j\u00e1 abriu novo hipermercado no Alto Minho (e criou 21 postos de trabalho)"},"content":{"rendered":"<p>O Continente abriu hoje mais um hipermercado no Alto Minho, nomeadamente em Melga\u00e7o, criando 21 novos postos de trabalho.<\/p>\n<p>&#13;<br \/>\n&#13;<br \/>\n&#13;<\/p>\n<p>Em comunicado enviado a O MINHO, a marca do grupo Sonae adianta que o novo espa\u00e7o tem cerca de 1.000 metros quadrados (m2) de \u00e1rea de vendas, com servi\u00e7o de Padaria e Pastelaria, Charcutaria e Talho, Peixaria e zona de Bazar\u00e3o. <\/p>\n<p>\u201cPara maior conveni\u00eancia dos clientes, disponibiliza oito caixas: quatro checkouts e quatro self-checkouts\u201d, refere o Continente.<\/p>\n<p>Para celebrar a abertura, at\u00e9 domingo, os clientes beneficiar\u00e3o de 10% de desconto em Cart\u00e3o Continente, em toda a loja, que acumula com as promo\u00e7\u00f5es em vigor.<\/p>\n<p>Por sua vez, a Miss\u00e3o Continente ofereceu carrinhos de compras recheados de bens essenciais \u00e0s institui\u00e7\u00f5es apadrinhadas pela nova loja: a APPACDM de Viana do Castelo \u2013 Delega\u00e7\u00e3o de Melga\u00e7o\u200b, Santa Casa da Miseric\u00f3rdia de Melga\u00e7o e Rafeiros e Companhia.<\/p>\n<p>\u201cEstas institui\u00e7\u00f5es v\u00e3o ser permanentemente apoiadas pela Miss\u00e3o Continente, atrav\u00e9s dos excedentes alimentares di\u00e1rios da nova loja Continente Bom Dia Melga\u00e7o\u201d, salienta o comunicado.\u00a0<\/p>\n<p>A loja est\u00e1 aberta diariamente das 08:00 \u00e0s 21:00 e tem um parque de estacionamento com 85 lugares, incluindo quatro para mobilidade reduzida.\u00a0<\/p>\n<p>O novo hipermercado est\u00e1 localizado na Rua do Galv\u00e3o, n.\u00ba 386.<\/p>\n<p>No Alto Minho, o Continente j\u00e1 est\u00e1 presente em Viana do Castelo, Ponte de Lima, Ponte da Barca, Vila Praia de \u00c2ncora (Caminha), Cerveira e Valen\u00e7a.<\/p>\n","protected":false},"excerpt":{"rendered":"O Continente abriu hoje mais um hipermercado no Alto Minho, nomeadamente em Melga\u00e7o, criando 21 novos postos de&hellip;\n","protected":false},"author":2,"featured_media":151044,"comment_status":"","ping_status":"","sticky":false,"template":"","format":"standard","meta":{"footnotes":""},"categories":[83],"tags":[88,89,90,32,33],"class_list":{"0":"post-151043","1":"post","2":"type-post","3":"status-publish","4":"format-standard","5":"has-post-thumbnail","7":"category-empresas","8":"tag-business","9":"tag-economy","10":"tag-empresas","11":"tag-portugal","12":"tag-pt"},"share_on_mastodon":{"url":"https:\/\/pubeurope.com\/@pt\/115544634673515832","error":""},"_links":{"self":[{"href":"https:\/\/www.europesays.com\/pt\/wp-json\/wp\/v2\/posts\/151043","targetHints":{"allow":["GET"]}}],"collection":[{"href":"https:\/\/www.europesays.com\/pt\/wp-json\/wp\/v2\/posts"}],"about":[{"href":"https:\/\/www.europesays.com\/pt\/wp-json\/wp\/v2\/types\/post"}],"author":[{"embeddable":true,"href":"https:\/\/www.europesays.com\/pt\/wp-json\/wp\/v2\/users\/2"}],"replies":[{"embeddable":true,"href":"https:\/\/www.europesays.com\/pt\/wp-json\/wp\/v2\/comments?post=151043"}],"version-history":[{"count":0,"href":"https:\/\/www.europesays.com\/pt\/wp-json\/wp\/v2\/posts\/151043\/revisions"}],"wp:featuredmedia":[{"embeddable":true,"href":"https:\/\/www.europesays.com\/pt\/wp-json\/wp\/v2\/media\/151044"}],"wp:attachment":[{"href":"https:\/\/www.europesays.com\/pt\/wp-json\/wp\/v2\/media?parent=151043"}],"wp:term":[{"taxonomy":"category","embeddable":true,"href":"https:\/\/www.europesays.com\/pt\/wp-json\/wp\/v2\/categories?post=151043"},{"taxonomy":"post_tag","embeddable":true,"href":"https:\/\/www.europesays.com\/pt\/wp-json\/wp\/v2\/tags?post=151043"}],"curies":[{"name":"wp","href":"https:\/\/api.w.org\/{rel}","templated":true}]}}