{"id":151047,"date":"2025-11-13T22:00:23","date_gmt":"2025-11-13T22:00:23","guid":{"rendered":"https:\/\/www.europesays.com\/pt\/151047\/"},"modified":"2025-11-13T22:00:23","modified_gmt":"2025-11-13T22:00:23","slug":"greta-thunberg-em-comboio-na-galiza-e-vem-a-portugal-observador","status":"publish","type":"post","link":"https:\/\/www.europesays.com\/pt\/151047\/","title":{"rendered":"Greta Thunberg em comboio na Galiza \u2014 e vem a Portugal \u2013 Observador"},"content":{"rendered":"<p>A ativista Greta Thunberg visitar\u00e1\u00a0Portugal nos pr\u00f3ximos dias. <a href=\"https:\/\/www.elmundo.es\/galicia\/2025\/11\/12\/6914d28c21efa04e148b45b6.html\" rel=\"nofollow noopener\" target=\"_blank\">A not\u00edcia est\u00e1 a ser avan\u00e7ada pela ag\u00eancia de not\u00edcias espanhola Efe<\/a>, sendo que a jovem de 22 anos foi vista na ter\u00e7a-feira num comboio na Galiza. Ainda n\u00e3o \u00e9 claro qual \u00e9 o prop\u00f3sito da visita a territ\u00f3rio nacional da sueca \u2014 que participou na Flotilha Global Sumud ao lado da bloquista Mariana Mort\u00e1gua, bem como da atriz Sofia Apar\u00edcio, do ativista Miguel Duarte e ainda de Diogo Chaves.<\/p>\n<blockquote class=\"twitter-tweet\" data-width=\"500\" data-dnt=\"true\">\n<p lang=\"es\" dir=\"ltr\">Agora, no tren de Compostela a Vigo, te\u00f1o xusto enfronte a unha rapaci\u00f1a n\u00f3rdica\u2026 <a href=\"https:\/\/t.co\/u9GvgdTDYB\" rel=\"nofollow\">pic.twitter.com\/u9GvgdTDYB<\/a><\/p>\n<p>\u2014 Xavier Garc\u00eda \u968f \u98ce (@javihagen) <a href=\"https:\/\/twitter.com\/javihagen\/status\/1988296146796839126?ref_src=twsrc%5Etfw\" rel=\"nofollow noopener\" target=\"_blank\">November 11, 2025<\/a><\/p>\n<\/blockquote>\n<p>No X, o utilizador Xavier Garc\u00eda publicou uma fotografia de Greta Thunberg num comboio que partiu de Santiago de Compostela rumo a Vigo. <strong>\u201cTenho \u00e0 minha frente uma rapariga n\u00f3rdica\u201d,<\/strong> escreveu.<\/p>\n<p>A ag\u00eancia Efe refere que a ativista sueca estava acompanhada por um homem estrangeiro. Mas a mesma fonte n\u00e3o conseguiu apurar se a jovem de 22 anos participar\u00e1 em algum protesto em Portugal. Tamb\u00e9m n\u00e3o \u00e9 certo o que Greta Thunberg fez na Galiza \u2014 ou se marcou presen\u00e7a em algum evento.<\/p>\n<p><strong>Certo \u00e9 que a ativista sueca se recusa a andar de avi\u00e3o<\/strong>, devido aos impactos ambientais, preferindo outros meios de transporte \u2014 em particular o comboio. Assim, pode ser que a passagem pela Galiza tenha sido apenas para entrar em Portugal.<\/p>\n<p>A jovem sueca j\u00e1 esteve em Portugal em 2019. Na altura, Greta Thunberg veio de barco. Foi recebida na Doca de Santo Amaro por Fernando Medina, ex-presidente da C\u00e2mara Municipal de Lisboa, e outros ativistas.<\/p>\n<blockquote class=\"wp-embedded-content\" data-secret=\"jmbskJDzis\">\n<p><a href=\"https:\/\/observador.pt\/2019\/12\/03\/video-em-direto-o-observador-vai-ao-encontro-de-greta-thunberg\/\" rel=\"nofollow noopener\" target=\"_blank\">V\u00eddeo. A chegada de Greta Thunberg a Lisboa<\/a><\/p>\n<\/blockquote>\n<p>            <script async src=\"https:\/\/platform.twitter.com\/widgets.js\" charset=\"utf-8\"><\/script><\/p>\n","protected":false},"excerpt":{"rendered":"A ativista Greta Thunberg visitar\u00e1\u00a0Portugal nos pr\u00f3ximos dias. A not\u00edcia est\u00e1 a ser avan\u00e7ada pela ag\u00eancia de not\u00edcias&hellip;\n","protected":false},"author":2,"featured_media":151048,"comment_status":"","ping_status":"","sticky":false,"template":"","format":"standard","meta":{"footnotes":""},"categories":[10],"tags":[964,27,28,442,15,16,15056,14,25,26,21,22,62,12,13,19,20,32,23,24,33,17,18,29,30,31],"class_list":{"0":"post-151047","1":"post","2":"type-post","3":"status-publish","4":"format-standard","5":"has-post-thumbnail","7":"category-portugal","8":"tag-ambiente","9":"tag-breaking-news","10":"tag-breakingnews","11":"tag-ciu00eancia","12":"tag-featured-news","13":"tag-featurednews","14":"tag-greta-thunberg","15":"tag-headlines","16":"tag-latest-news","17":"tag-latestnews","18":"tag-main-news","19":"tag-mainnews","20":"tag-mundo","21":"tag-news","22":"tag-noticias","23":"tag-noticias-principais","24":"tag-noticiasprincipais","25":"tag-portugal","26":"tag-principais-noticias","27":"tag-principaisnoticias","28":"tag-pt","29":"tag-top-stories","30":"tag-topstories","31":"tag-ultimas","32":"tag-ultimas-noticias","33":"tag-ultimasnoticias"},"share_on_mastodon":{"url":"https:\/\/pubeurope.com\/@pt\/115544642209391857","error":""},"_links":{"self":[{"href":"https:\/\/www.europesays.com\/pt\/wp-json\/wp\/v2\/posts\/151047","targetHints":{"allow":["GET"]}}],"collection":[{"href":"https:\/\/www.europesays.com\/pt\/wp-json\/wp\/v2\/posts"}],"about":[{"href":"https:\/\/www.europesays.com\/pt\/wp-json\/wp\/v2\/types\/post"}],"author":[{"embeddable":true,"href":"https:\/\/www.europesays.com\/pt\/wp-json\/wp\/v2\/users\/2"}],"replies":[{"embeddable":true,"href":"https:\/\/www.europesays.com\/pt\/wp-json\/wp\/v2\/comments?post=151047"}],"version-history":[{"count":0,"href":"https:\/\/www.europesays.com\/pt\/wp-json\/wp\/v2\/posts\/151047\/revisions"}],"wp:featuredmedia":[{"embeddable":true,"href":"https:\/\/www.europesays.com\/pt\/wp-json\/wp\/v2\/media\/151048"}],"wp:attachment":[{"href":"https:\/\/www.europesays.com\/pt\/wp-json\/wp\/v2\/media?parent=151047"}],"wp:term":[{"taxonomy":"category","embeddable":true,"href":"https:\/\/www.europesays.com\/pt\/wp-json\/wp\/v2\/categories?post=151047"},{"taxonomy":"post_tag","embeddable":true,"href":"https:\/\/www.europesays.com\/pt\/wp-json\/wp\/v2\/tags?post=151047"}],"curies":[{"name":"wp","href":"https:\/\/api.w.org\/{rel}","templated":true}]}}