{"id":151051,"date":"2025-11-13T22:07:12","date_gmt":"2025-11-13T22:07:12","guid":{"rendered":"https:\/\/www.europesays.com\/pt\/151051\/"},"modified":"2025-11-13T22:07:12","modified_gmt":"2025-11-13T22:07:12","slug":"o-trailer-de-marty-supreme","status":"publish","type":"post","link":"https:\/\/www.europesays.com\/pt\/151051\/","title":{"rendered":"o trailer de &#8220;Marty Supreme&#8221;"},"content":{"rendered":"<p>As not\u00edcias de que Josh Safdie ia fazer um filme com Timoth\u00e9e Chalamet geraram muito entusiasmo junto dos f\u00e3s dos filmes que o realizador fez com o irm\u00e3o Benny, &#8220;Good Time&#8221; (2017) e &#8220;Diamante Bruto&#8221; (2019).<\/p>\n<p>As rea\u00e7\u00f5es a um visionamento secreto a 6 de outubro no Festival de Cinema de Nova Iorque que serviu de antestreia mundial confirmaram as expectativas e progn\u00f3sticos: &#8220;Marty Supreme: Sonha em Grande&#8221; ser\u00e1 um fort\u00edssimo candidato \u00e0 pr\u00f3xima edi\u00e7\u00e3o dos \u00d3scares.<\/p>\n<p>A confirmar o entusiasmo em crescendo, um novo trailer lan\u00e7ado na ter\u00e7a-feira est\u00e1 a caminho das 12 milh\u00f5es de visualiza\u00e7\u00f5es s\u00f3 no YouTube, um valor invulgar para um drama sobre um homem cheio de confian\u00e7a e ambi\u00e7\u00e3o que quer conquistar o mundo&#8230; atrav\u00e9s do t\u00e9nis de mesa.<\/p>\n<p>O filme \u00e9 descrito como &#8220;uma com\u00e9dia dram\u00e1tica desportiva que mergulha no mundo vibrante e competitivo do t\u00e9nis de mesa, trazendo \u00e0 tela uma hist\u00f3ria de ambi\u00e7\u00e3o, estilo e supera\u00e7\u00e3o&#8221;, destaca a distribuidora portuguesa Cinemundo.<\/p>\n<p>A inspira\u00e7\u00e3o \u00e9 o lend\u00e1rio jogador profissional Marty Reisman (1930-2012).<\/p>\n<p>&#8220;Timoth\u00e9e Chalamet d\u00e1 vida a Marty Mauser, uma vers\u00e3o ficcional do lend\u00e1rio jogador Marty Reisman \u2014 \u00edcone do t\u00e9nis de mesa dos anos 50 que regressou \u00e0 ribalta em 1997. Ao seu lado, Gwyneth Paltrow interpreta uma estrela de cinema envolvida com Marty, num relacionamento intenso e surpreendente&#8221;, resume a apresenta\u00e7\u00e3o oficial.<\/p>\n<p>Al\u00e9m de atores como Odessa A\u2019zion, Kevin O\u2019Leary, Tyler Okonma (Tyler, the Creator), Abel Ferrara, Fran Drescher, Penn Jillette, Sandra Bernhard, Spenser Granese e o c\u00e9lebre equilibrista Philippe Petit, existem &#8220;mais de 140 participantes n\u00e3o profissionais, conferindo autenticidade e energia crua a cada cena&#8221;.<\/p>\n<p>Com um or\u00e7amento de cerca de 70 milh\u00f5es de d\u00f3lares, esta \u00e9 a mais ambiciosa (e medi\u00e1tica) at\u00e9 \u00e0 data do prestigiado est\u00fadio independente A24, que triunfou nos \u00d3scares com &#8220;Moonlight&#8221; (2016) e &#8220;Tudo em Todo o Lado ao Mesmo Tempo&#8221; (2022).<\/p>\n<p>Com data estrat\u00e9gica de estreia a 25 de dezembro nos EUA e Canad\u00e1, &#8220;Marty Supreme: Sonha em Grande&#8221; chega a Portugal a 22 de janeiro de 2026, precisamente o dia em que ser\u00e3o anunciadas as nomea\u00e7\u00f5es para os \u00d3scares.<\/p>\n<p><strong><a href=\"https:\/\/youtu.be\/s9gSuKaKcqM?si=zeS3-c7_WzRF5Ago\" target=\"_blank\" rel=\"noopener nofollow\">VEJA O TRAILER ORIGINAL<\/a><\/strong> (esta not\u00edcia ser\u00e1 atualizada quando ficar dispon\u00edvel a vers\u00e3o legendada).<\/p>\n","protected":false},"excerpt":{"rendered":"As not\u00edcias de que Josh Safdie ia fazer um filme com Timoth\u00e9e Chalamet geraram muito entusiasmo junto dos&hellip;\n","protected":false},"author":2,"featured_media":151052,"comment_status":"","ping_status":"","sticky":false,"template":"","format":"standard","meta":{"footnotes":""},"categories":[140],"tags":[114,115,147,148,146,32,33],"class_list":{"0":"post-151051","1":"post","2":"type-post","3":"status-publish","4":"format-standard","5":"has-post-thumbnail","7":"category-filmes","8":"tag-entertainment","9":"tag-entretenimento","10":"tag-film","11":"tag-filmes","12":"tag-movies","13":"tag-portugal","14":"tag-pt"},"share_on_mastodon":{"url":"https:\/\/pubeurope.com\/@pt\/115544669856354769","error":""},"_links":{"self":[{"href":"https:\/\/www.europesays.com\/pt\/wp-json\/wp\/v2\/posts\/151051","targetHints":{"allow":["GET"]}}],"collection":[{"href":"https:\/\/www.europesays.com\/pt\/wp-json\/wp\/v2\/posts"}],"about":[{"href":"https:\/\/www.europesays.com\/pt\/wp-json\/wp\/v2\/types\/post"}],"author":[{"embeddable":true,"href":"https:\/\/www.europesays.com\/pt\/wp-json\/wp\/v2\/users\/2"}],"replies":[{"embeddable":true,"href":"https:\/\/www.europesays.com\/pt\/wp-json\/wp\/v2\/comments?post=151051"}],"version-history":[{"count":0,"href":"https:\/\/www.europesays.com\/pt\/wp-json\/wp\/v2\/posts\/151051\/revisions"}],"wp:featuredmedia":[{"embeddable":true,"href":"https:\/\/www.europesays.com\/pt\/wp-json\/wp\/v2\/media\/151052"}],"wp:attachment":[{"href":"https:\/\/www.europesays.com\/pt\/wp-json\/wp\/v2\/media?parent=151051"}],"wp:term":[{"taxonomy":"category","embeddable":true,"href":"https:\/\/www.europesays.com\/pt\/wp-json\/wp\/v2\/categories?post=151051"},{"taxonomy":"post_tag","embeddable":true,"href":"https:\/\/www.europesays.com\/pt\/wp-json\/wp\/v2\/tags?post=151051"}],"curies":[{"name":"wp","href":"https:\/\/api.w.org\/{rel}","templated":true}]}}