{"id":151053,"date":"2025-11-13T22:08:09","date_gmt":"2025-11-13T22:08:09","guid":{"rendered":"https:\/\/www.europesays.com\/pt\/151053\/"},"modified":"2025-11-13T22:08:09","modified_gmt":"2025-11-13T22:08:09","slug":"hungria-vence-armenia-e-mantem-segundo-lugar-no-grupo-de-portugal","status":"publish","type":"post","link":"https:\/\/www.europesays.com\/pt\/151053\/","title":{"rendered":"Hungria vence Arm\u00e9nia e mant\u00e9m segundo lugar no grupo de Portugal"},"content":{"rendered":"<p>                No Est\u00e1dio Republicano Vazgen Sargsyan, em Erevan, um golo de Barnab\u00e1s Varga, aos 33 minutos, deu o segundo triunfo em cinco encontros aos magiares, que vinham de um empate obtido em tempo de compensa\u00e7\u00e3o face a Portugal (2-2), em outubro, em Lisboa.<\/p>\n<p>A Hungria permanece no segundo lugar, de acesso aos play-offs, e passou a somar oito pontos, provisoriamente a dois de Portugal, que \u00e9 l\u00edder e visitar\u00e1 a Rep\u00fablica da Irlanda, terceira, com quatro, \u00e0s 19:45, em Dublin, num jogo arbitrado pelo sueco Glenn Nyberg.<\/p>\n<p>Em caso de vit\u00f3ria, a sele\u00e7\u00e3o das \u2018quinas\u2019 assegura desde j\u00e1 a nona presen\u00e7a, e s\u00e9tima seguida, em fases finais de Mundiais, enquanto os magiares garantem o segundo posto.<\/p>\n<p>Um empate em Dublin adiar\u00e1 as decis\u00f5es para domingo, quando, na sexta e derradeira jornada do Grupo F, a Hungria receber a Rep\u00fablica da Irlanda em Budapeste e Portugal defrontar no Porto a Arm\u00e9nia, \u00faltima, com tr\u00eas pontos, e j\u00e1 sem chances de qualifica\u00e7\u00e3o.<\/p>\n<p>Os vencedores dos 12 grupos e dos quatro caminhos dos play-offs europeus acedem \u00e0 23.\u00aa edi\u00e7\u00e3o do Mundial, que vai decorrer de 11 de junho a 19 de julho de 2026 e contar\u00e1 pela primeira vez com 48 sele\u00e7\u00f5es, numa in\u00e9dita organiza\u00e7\u00e3o tripartida entre Estados Unidos, M\u00e9xico e Canad\u00e1, todos apurados como anfitri\u00f5es, aos quais j\u00e1 se juntaram 25 qualificados, incluindo a Inglaterra, primeira das 16 representantes da Europa definidas.<\/p>\n","protected":false},"excerpt":{"rendered":"No Est\u00e1dio Republicano Vazgen Sargsyan, em Erevan, um golo de Barnab\u00e1s Varga, aos 33 minutos, deu o segundo&hellip;\n","protected":false},"author":2,"featured_media":151054,"comment_status":"","ping_status":"","sticky":false,"template":"","format":"standard","meta":{"footnotes":""},"categories":[87],"tags":[135,13,32,33,420,421,134],"class_list":{"0":"post-151053","1":"post","2":"type-post","3":"status-publish","4":"format-standard","5":"has-post-thumbnail","7":"category-desporto","8":"tag-desporto","9":"tag-noticias","10":"tag-portugal","11":"tag-pt","12":"tag-rtp","13":"tag-rtp-noticias","14":"tag-sports"},"share_on_mastodon":{"url":"https:\/\/pubeurope.com\/@pt\/115544673714078631","error":""},"_links":{"self":[{"href":"https:\/\/www.europesays.com\/pt\/wp-json\/wp\/v2\/posts\/151053","targetHints":{"allow":["GET"]}}],"collection":[{"href":"https:\/\/www.europesays.com\/pt\/wp-json\/wp\/v2\/posts"}],"about":[{"href":"https:\/\/www.europesays.com\/pt\/wp-json\/wp\/v2\/types\/post"}],"author":[{"embeddable":true,"href":"https:\/\/www.europesays.com\/pt\/wp-json\/wp\/v2\/users\/2"}],"replies":[{"embeddable":true,"href":"https:\/\/www.europesays.com\/pt\/wp-json\/wp\/v2\/comments?post=151053"}],"version-history":[{"count":0,"href":"https:\/\/www.europesays.com\/pt\/wp-json\/wp\/v2\/posts\/151053\/revisions"}],"wp:featuredmedia":[{"embeddable":true,"href":"https:\/\/www.europesays.com\/pt\/wp-json\/wp\/v2\/media\/151054"}],"wp:attachment":[{"href":"https:\/\/www.europesays.com\/pt\/wp-json\/wp\/v2\/media?parent=151053"}],"wp:term":[{"taxonomy":"category","embeddable":true,"href":"https:\/\/www.europesays.com\/pt\/wp-json\/wp\/v2\/categories?post=151053"},{"taxonomy":"post_tag","embeddable":true,"href":"https:\/\/www.europesays.com\/pt\/wp-json\/wp\/v2\/tags?post=151053"}],"curies":[{"name":"wp","href":"https:\/\/api.w.org\/{rel}","templated":true}]}}