{"id":151055,"date":"2025-11-13T22:14:14","date_gmt":"2025-11-13T22:14:14","guid":{"rendered":"https:\/\/www.europesays.com\/pt\/151055\/"},"modified":"2025-11-13T22:14:14","modified_gmt":"2025-11-13T22:14:14","slug":"diocese-do-porto-lamenta-concerto-de-grupo-neonazi-na-maia-observador","status":"publish","type":"post","link":"https:\/\/www.europesays.com\/pt\/151055\/","title":{"rendered":"Diocese do Porto lamenta concerto de grupo neonazi na Maia \u2013 Observador"},"content":{"rendered":"<p>A Diocese do Porto emitiu um comunicado, esta ter\u00e7a-feira, sobre o evento musical de um grupo neonazi na par\u00f3quia de Santa Maria de Silva Escura, na Maia, em que declara e confirma <strong>\u201co absoluto desconhecimento do p\u00e1roco\u201d<\/strong> sobre a ideologia dos promotores do evento. Em causa, est\u00e1 o concerto do grupo Blood &amp; Honour, de extrema-direita, que teve lugar este fim de semana na pequena igreja da Maia.<\/p>\n<p><a href=\"https:\/\/expresso.pt\/sociedade\/seguranca\/2025-11-11-paroquia-da-maia-que-recebeu-evento-nazi-diz-que-julgava-ser-apenas-um-concerto-de-rock-98e6ec02\" rel=\"nofollow noopener\" target=\"_blank\">Ouvido pelo Expresso<\/a>, o padre Jos\u00e9 Augusto Oliveira, da par\u00f3quia de Santa Maria de Silva Escura, disse que pensava que se tratava apenas de um concerto do rock\u00a0sem qualquer pendor pol\u00edtico. \u201cFoi assim que eles se apresentaram, que iam dar um concerto de rock. E aconteceu. Pode acontecer a qualquer um mais distra\u00eddo<strong>. N\u00f3s est\u00e1vamos distra\u00eddos e aconteceu\u201d,<\/strong> explicou, admitindo que at\u00e9 viu nas not\u00edcias o cancelamento pelo col\u00e9gio Luso-Franc\u00eas do congresso do movimento supremacista Reconquista.<\/p>\n<blockquote class=\"wp-embedded-content\" data-secret=\"fhKabtgcJW\">\n<p><a href=\"https:\/\/observador.pt\/2025\/11\/07\/colegio-catolico-cancela-realizacao-de-evento-de-grupo-supremacista-branco-nas-suas-instalacoes\/\" rel=\"nofollow noopener\" target=\"_blank\">Col\u00e9gio cat\u00f3lico cancela evento de supremacistas brancos. Grupo mant\u00e9m encontro no Porto este s\u00e1bado<\/a><\/p>\n<\/blockquote>\n<p>O pedido de ced\u00eancia do espa\u00e7o da par\u00f3quia foi feita por e-mail, precisou Jos\u00e9 Augusto Oliveira, acrescentando: \u201cA pessoa respons\u00e1vel tratou do assunto e correu tudo conforme \u00e9 habitual. <strong>Eles tiraram as licen\u00e7as todas e estava tudo direitinho\u201d.\u00a0<\/strong>\u201cO p\u00e1roco e a Diocese do Porto\u201d lamentaram depois \u201cprofundamente\u201d o sucedido, l\u00ea-se no comunicado publicado esta ter\u00e7a-feira.<\/p>\n<p>As paredes exteriores da Igreja de Santa Maria de Silva Escura foram vandalizadas nas \u00faltimas horas, <a href=\"https:\/\/agencia.ecclesia.pt\/portal\/porto-diocese-demarca-se-de-evento-musical-com-ideologia-neonazi\/\" rel=\"nofollow noopener\" target=\"_blank\">avan\u00e7a a ag\u00eancia Ecclesia.<\/a><\/p>\n<p>Fundado no Reino Unido e com um ramo em Portugal, o grupo neonazi organiza festivais de m\u00fasica na regi\u00e3o do Grande Porto h\u00e1 cerca de dez anos.<\/p>\n","protected":false},"excerpt":{"rendered":"A Diocese do Porto emitiu um comunicado, esta ter\u00e7a-feira, sobre o evento musical de um grupo neonazi na&hellip;\n","protected":false},"author":2,"featured_media":151056,"comment_status":"","ping_status":"","sticky":false,"template":"","format":"standard","meta":{"footnotes":""},"categories":[10],"tags":[27,28,9041,15,16,14,5687,25,26,21,22,12,13,19,20,57,302,462,32,23,24,33,313,58,17,18,29,30,31],"class_list":{"0":"post-151055","1":"post","2":"type-post","3":"status-publish","4":"format-standard","5":"has-post-thumbnail","7":"category-portugal","8":"tag-breaking-news","9":"tag-breakingnews","10":"tag-extrema-direita","11":"tag-featured-news","12":"tag-featurednews","13":"tag-headlines","14":"tag-igreja-catu00f3lica","15":"tag-latest-news","16":"tag-latestnews","17":"tag-main-news","18":"tag-mainnews","19":"tag-news","20":"tag-noticias","21":"tag-noticias-principais","22":"tag-noticiasprincipais","23":"tag-pau00eds","24":"tag-polu00edtica","25":"tag-porto","26":"tag-portugal","27":"tag-principais-noticias","28":"tag-principaisnoticias","29":"tag-pt","30":"tag-religiu00e3o","31":"tag-sociedade","32":"tag-top-stories","33":"tag-topstories","34":"tag-ultimas","35":"tag-ultimas-noticias","36":"tag-ultimasnoticias"},"share_on_mastodon":{"url":"https:\/\/pubeurope.com\/@pt\/115544697459382231","error":""},"_links":{"self":[{"href":"https:\/\/www.europesays.com\/pt\/wp-json\/wp\/v2\/posts\/151055","targetHints":{"allow":["GET"]}}],"collection":[{"href":"https:\/\/www.europesays.com\/pt\/wp-json\/wp\/v2\/posts"}],"about":[{"href":"https:\/\/www.europesays.com\/pt\/wp-json\/wp\/v2\/types\/post"}],"author":[{"embeddable":true,"href":"https:\/\/www.europesays.com\/pt\/wp-json\/wp\/v2\/users\/2"}],"replies":[{"embeddable":true,"href":"https:\/\/www.europesays.com\/pt\/wp-json\/wp\/v2\/comments?post=151055"}],"version-history":[{"count":0,"href":"https:\/\/www.europesays.com\/pt\/wp-json\/wp\/v2\/posts\/151055\/revisions"}],"wp:featuredmedia":[{"embeddable":true,"href":"https:\/\/www.europesays.com\/pt\/wp-json\/wp\/v2\/media\/151056"}],"wp:attachment":[{"href":"https:\/\/www.europesays.com\/pt\/wp-json\/wp\/v2\/media?parent=151055"}],"wp:term":[{"taxonomy":"category","embeddable":true,"href":"https:\/\/www.europesays.com\/pt\/wp-json\/wp\/v2\/categories?post=151055"},{"taxonomy":"post_tag","embeddable":true,"href":"https:\/\/www.europesays.com\/pt\/wp-json\/wp\/v2\/tags?post=151055"}],"curies":[{"name":"wp","href":"https:\/\/api.w.org\/{rel}","templated":true}]}}