{"id":151057,"date":"2025-11-13T22:15:24","date_gmt":"2025-11-13T22:15:24","guid":{"rendered":"https:\/\/www.europesays.com\/pt\/151057\/"},"modified":"2025-11-13T22:15:24","modified_gmt":"2025-11-13T22:15:24","slug":"ugt-avanca-para-greve-geral-a-11-de-dezembro","status":"publish","type":"post","link":"https:\/\/www.europesays.com\/pt\/151057\/","title":{"rendered":"UGT avan\u00e7a para greve geral a 11 de dezembro"},"content":{"rendered":"<p>&#13;<br \/>\nA UGT\u00a0decidiu esta quinta-feira, em reuni\u00e3o do seu Conselho Geral, participar na greve geral de 11 de dezembro. O Executivo reagiu dizendo que os portugueses n\u00e3o querem nem compreendem a paralisa\u00e7\u00e3o e garantindo que est\u00e1 dispon\u00edvel para o di\u00e1logo.&#13;\n<\/p>\n<p>&#13;<br \/>\n&#8220;<b>O Governo coloca quem negocia perante um jogo de tudo ou nada<\/b>, em que quaisquer evolu\u00e7\u00f5es ficam dependentes da assinatura de um acordo, sejam justas ou n\u00e3o&#8221;, refere o secretariado na resolu\u00e7\u00e3o a que o RTP teve acesso.\u00a0&#8220;Isto n\u00e3o \u00e9 negociar&#8221;.&#13;\n<\/p>\n<p>&#13;<br \/>\nA UGT considera que a lei laboral apresentada pelo Governo em sede de concerta\u00e7\u00e3o social \u00e9 \u201cfora de tempo\u201d e \u201catentat\u00f3ria do esp\u00edrito do di\u00e1logo social\u201d, j\u00e1 que \u201ctraduz uma op\u00e7\u00e3o clara em favor dos empregadores, cortando direitos aos trabalhadores e prejudicando a atividade dos sindicatos\u201d.&#13;\n<\/p>\n<p>&#13;<br \/>\n&#8220;O anteprojecto apresentado \u00e9 a antec\u00e2mara de uma reforma laboral para os patr\u00f5es e, por isso, <b>mereceu logo o rotundo n\u00e3o da UGT e dos seus sindicatos<\/b>&#8220;, l\u00ea-se no documento.&#13;\n<\/p>\n<p>&#13;<br \/>\nA UGT acusa ainda o Governo de passar de uma total abertura negocial \u00e0 necessidade de se respeitarem as \u201ctraves-mestras\u201d da reforma e at\u00e9 \u00e0 imposi\u00e7\u00e3o de linhas vermelhas.&#13;\n<\/p>\n<p>&#13;<br \/>\nPor estas raz\u00f5es, <b>a UGT e os seus sindicatos decidiram propor ao Conselho Geral da UGT \u201ca convoca\u00e7\u00e3o de uma greve geral para o dia 11 de dezembro de 2025\u201d.<\/b>&#13;\n<\/p>\n<p>&#13;<br \/>\nDecidiram ainda \u201ciniciar o di\u00e1logo e a articula\u00e7\u00e3o com outras estruturas representativas dos trabalhadores, com vista \u00e0 constru\u00e7\u00e3o de uma plataforma de converg\u00eancia na a\u00e7\u00e3o\u201d.&#13;\n<\/p>\n<p>&#13;<br \/>\nA greve, explica a Uni\u00e3o Geral de Trabalhadores, \u00e9 \u201ccontra uma reforma laboral que n\u00e3o pode avan\u00e7ar, contra um ataque sem precedentes aos trabalhadores e sindicatos, contra a indiferen\u00e7a face aos problemas reais dos portugueses e contra o simulacro negocial\u201d.&#13;\n<\/p>\n<p>M\u00e1rio Mour\u00e3o, secret\u00e1rio-geral da UGT, afirmou em confer\u00eancia de imprensa esta quinta-feira que se sente obrigado a avan\u00e7ar para a paralisa\u00e7\u00e3o porque a negocia\u00e7\u00e3o sobre a lei laboral n\u00e3o est\u00e1 a funcionar.<\/p>\n<p>          <img decoding=\"async\" itemprop=\"image\" class=\"img-fluid\"   src=\"https:\/\/www.europesays.com\/pt\/wp-content\/uploads\/2025\/11\/b413e0ad12fb4fd8d33335fc7e471ebb_N.jpg\"\/><\/p>\n<p>\n<b>\u201cA UGT n\u00e3o quer fazer uma greve. H\u00e1 sempre impactos nos rendimentos dos trabalhadores\u201d<\/b>, explicou. <b>Mas \u201csomos obrigados a faz\u00ea-lo\u201d<\/b>, explicou, j\u00e1 que \u201cquando n\u00e3o funciona o di\u00e1logo e a negocia\u00e7\u00e3o, a rua \u00e9 o espa\u00e7o que nos resta para fazer valer as nossas propostas\u201d.<\/p>\n<p>\u201cN\u00e3o \u00e9 o fecho nem a rutura com a continua\u00e7\u00e3o do di\u00e1logo, \u00e9 apenas o momento em que foi preciso outras decis\u00f5es para desbloquear o impasse que consideramos que existe ao n\u00edvel da negocia\u00e7\u00e3o no \u00e2mbito da concerta\u00e7\u00e3o social\u201d, acrescentou o respons\u00e1vel.&#13;\n<\/p>\n<p>O secret\u00e1rio-geral da UGT avan\u00e7ou ainda que, ap\u00f3s o an\u00fancio da greve geral na semana passada, &#8220;surgiu uma nova proposta&#8221; da parte do Governo sobre a reforma laboral, mas \u00e9 &#8220;muito pouco&#8221; para desmarcar a paralisa\u00e7\u00e3o.<\/p>\n<p><b>&#8220;N\u00f3s tivemos uma conversa com o Governo h\u00e1 dois ou tr\u00eas dias, em que j\u00e1 surgiu uma nova proposta&#8221;<\/b>, declarou M\u00e1rio Mour\u00e3o, lamentando que o documento s\u00f3 tenha surgido ap\u00f3s ter anunciado que iam avan\u00e7ar com uma greve geral no dia 11 de dezembro, em converg\u00eancia com a CGTP.<\/p>\n<p>Apesar de n\u00e3o querer detalhar o conte\u00fado da nova proposta do Governo, que ainda est\u00e1 &#8220;em an\u00e1lise&#8221; pela central sindical, o secret\u00e1rio-geral da UGT referiu que n\u00e3o \u00e9 suficiente para desconvocar a greve prevista.<\/p>\n<p><b>&#8220;N\u00e3o h\u00e1 ainda mat\u00e9ria em cima da mesa que deixe a UGT confort\u00e1vel para desmarcar a greve&#8221;, avisou. &#8220;\u00c9 muito pouco&#8221;.<\/b> <br \/>&#13;\n<\/p>\n<p>Governo diz que \u201cportugueses n\u00e3o querem\u201d a greve<br \/>\nO ministro da Presid\u00eancia veio entretanto contrariar as acusa\u00e7\u00f5es da UGT, garantindo estar \u201cde portas abertas\u201d a uma negocia\u00e7\u00e3o que \u201cainda vai no adro\u201d.<\/p>\n<p>Em confer\u00eancia de imprensa ap\u00f3s o Conselho de Ministros, Ant\u00f3nio Leit\u00e3o Amaro frisou que o Governo \u201ctem feito esfor\u00e7os efetivos, proativos, de aproxima\u00e7\u00e3o de uma prociss\u00e3o legislativa que ainda vai no adro\u201d.<\/p>\n<p><b>\u201cN\u00f3s estamos no princ\u00edpio, de portas abertas, e n\u00e3o \u00e9 apenas de portas e de bra\u00e7os abertos: \u00e9 numa atitude de procura e aproxima\u00e7\u00e3o\u201d<\/b>, assegurou. \u201cPor isso n\u00e3o vamos escalar a linguagem neste momento, em que h\u00e1 decis\u00f5es a tomar da parte dos sindicatos\u201d.<br \/>&#13;\n<\/p>\n<p>          <img decoding=\"async\" itemprop=\"image\" class=\"img-fluid\"   src=\"https:\/\/www.europesays.com\/pt\/wp-content\/uploads\/2025\/11\/6c22986699faaf7ae8182835ec98db17_N.jpg\"\/><\/p>\n<p>\n\u201cN\u00e3o h\u00e1 sequer pr\u00e9-avisos e n\u00f3s esperamos que n\u00e3o venham a existir, porque <b>os portugueses n\u00e3o compreendem e n\u00e3o querem esta greve<\/b>. Os portugueses querem que o di\u00e1logo aconte\u00e7a e avance\u201d, acrescentou.<\/p>\n<p>&#8220;Perguntaram-me a quem \u00e9 que serve esta greve, eu garanto-vos a quem \u00e9 que n\u00e3o serve: aos portugueses, que v\u00e3o ficar apeados na esta\u00e7\u00e3o de comboio, que v\u00e3o ficar apeados \u00e0 porta de servi\u00e7os p\u00fablicos, que querem trabalhar e n\u00e3o conseguem, que querem deixar os filhos para aprender e n\u00e3o conseguem&#8221;, declarou ainda o ministro.&#13;<\/p>\n","protected":false},"excerpt":{"rendered":"&#13; A UGT\u00a0decidiu esta quinta-feira, em reuni\u00e3o do seu Conselho Geral, participar na greve geral de 11 de&hellip;\n","protected":false},"author":2,"featured_media":150790,"comment_status":"","ping_status":"","sticky":false,"template":"","format":"standard","meta":{"footnotes":""},"categories":[8],"tags":[27,28,15,16,31789,14,25,26,21,22,12,13,19,20,32,23,24,33,32770,17,18,31790,29,30,31],"class_list":{"0":"post-151057","1":"post","2":"type-post","3":"status-publish","4":"format-standard","5":"has-post-thumbnail","7":"category-principais-noticias","8":"tag-breaking-news","9":"tag-breakingnews","10":"tag-featured-news","11":"tag-featurednews","12":"tag-greve-geral","13":"tag-headlines","14":"tag-latest-news","15":"tag-latestnews","16":"tag-main-news","17":"tag-mainnews","18":"tag-news","19":"tag-noticias","20":"tag-noticias-principais","21":"tag-noticiasprincipais","22":"tag-portugal","23":"tag-principais-noticias","24":"tag-principaisnoticias","25":"tag-pt","26":"tag-secretariado","27":"tag-top-stories","28":"tag-topstories","29":"tag-ugt","30":"tag-ultimas","31":"tag-ultimas-noticias","32":"tag-ultimasnoticias"},"share_on_mastodon":{"url":"https:\/\/pubeurope.com\/@pt\/115544701512569651","error":""},"_links":{"self":[{"href":"https:\/\/www.europesays.com\/pt\/wp-json\/wp\/v2\/posts\/151057","targetHints":{"allow":["GET"]}}],"collection":[{"href":"https:\/\/www.europesays.com\/pt\/wp-json\/wp\/v2\/posts"}],"about":[{"href":"https:\/\/www.europesays.com\/pt\/wp-json\/wp\/v2\/types\/post"}],"author":[{"embeddable":true,"href":"https:\/\/www.europesays.com\/pt\/wp-json\/wp\/v2\/users\/2"}],"replies":[{"embeddable":true,"href":"https:\/\/www.europesays.com\/pt\/wp-json\/wp\/v2\/comments?post=151057"}],"version-history":[{"count":0,"href":"https:\/\/www.europesays.com\/pt\/wp-json\/wp\/v2\/posts\/151057\/revisions"}],"wp:featuredmedia":[{"embeddable":true,"href":"https:\/\/www.europesays.com\/pt\/wp-json\/wp\/v2\/media\/150790"}],"wp:attachment":[{"href":"https:\/\/www.europesays.com\/pt\/wp-json\/wp\/v2\/media?parent=151057"}],"wp:term":[{"taxonomy":"category","embeddable":true,"href":"https:\/\/www.europesays.com\/pt\/wp-json\/wp\/v2\/categories?post=151057"},{"taxonomy":"post_tag","embeddable":true,"href":"https:\/\/www.europesays.com\/pt\/wp-json\/wp\/v2\/tags?post=151057"}],"curies":[{"name":"wp","href":"https:\/\/api.w.org\/{rel}","templated":true}]}}