{"id":151065,"date":"2025-11-13T22:26:11","date_gmt":"2025-11-13T22:26:11","guid":{"rendered":"https:\/\/www.europesays.com\/pt\/151065\/"},"modified":"2025-11-13T22:26:11","modified_gmt":"2025-11-13T22:26:11","slug":"encomendas-abaixo-de-150-euros-vao-passar-a-ser-taxadas","status":"publish","type":"post","link":"https:\/\/www.europesays.com\/pt\/151065\/","title":{"rendered":"Encomendas abaixo de 150 euros v\u00e3o passar a ser taxadas"},"content":{"rendered":"<p>Todas as encomendas importadas v\u00e3o passar a ser taxadas, incluindo as que beneficiavam de uma isen\u00e7\u00e3o face ao valor de 150 euros e que abrangiam muitos produtos de baixo valor provenientes da China.<\/p>\n<p>O acordo foi firmado hoje pelos ministros das Finan\u00e7as da Uni\u00e3o Europeia (UE).<\/p>\n<p>&#8220;Tenho o prazer de confirmar que cheg\u00e1mos a um acordo pol\u00edtico sobre a elimina\u00e7\u00e3o do atual limiar de isen\u00e7\u00e3o de direitos aduaneiros de 150 euros. A elimina\u00e7\u00e3o deste limiar de isen\u00e7\u00e3o garante que os direitos aduaneiros ser\u00e3o cobrados a partir do primeiro euro sobre todas as mercadorias que entram na UE, tal como o Imposto sobre o Valor Acrescentado&#8221;, anunciou a ministra dinamarquesa da Economia, Stephanie Lose, em representa\u00e7\u00e3o da atual presid\u00eancia do Conselho ocupada pela Dinamarca.<\/p>\n<p>Este aval dos ministros das Finan\u00e7as da UE numa reuni\u00e3o em Bruxelas &#8211; que contou com o ministro portugu\u00eas da tutela, Joaquim Miranda Sarmento &#8211; surge em resposta &#8220;ao grande volume de mercadorias de baixo custo importadas de pa\u00edses terceiros, em particular da \u00c1sia e da China&#8221;, nomeadamente de &#8216;gigantes&#8217; do com\u00e9rcio eletr\u00f3nico, como Temu, Shein e AliExpress, acrescentou Stephanie Lose.<\/p>\n<p>&#8220;O fim da isen\u00e7\u00e3o colmatar\u00e1 lacunas de longa data que t\u00eam sido sistematicamente exploradas para evitar o pagamento de direitos aduaneiros, por exemplo, atrav\u00e9s da subavalia\u00e7\u00e3o de mercadorias ou da divis\u00e3o de remessas para manter o valor abaixo do limiar anterior. Esta altera\u00e7\u00e3o criar\u00e1 tamb\u00e9m condi\u00e7\u00f5es de concorr\u00eancia mais justas e equitativas entre as empresas europeias que pagam direitos aduaneiros sobre todas as importa\u00e7\u00f5es e as empresas n\u00e3o pertencentes \u00e0 UE que vendem mercadorias de baixo valor diretamente aos consumidores europeus sem pagar direitos aduaneiros&#8221;, adiantou a ministra dinamarquesa.<\/p>\n<p>O com\u00e9rcio eletr\u00f3nico cresceu 5% em Portugal em 2024 face a 2023<\/p>\n<p>Getty Images<\/p>\n<p>A nova regra entrar\u00e1 em vigor assim que o centro de dados aduaneiros da UE &#8211; a plataforma central proposta pela UE para interagir com as alf\u00e2ndegas e refor\u00e7ar os controlos &#8211; estiver em funcionamento, isto \u00e9, o mais tardar at\u00e9 2028.<\/p>\n<p>Devido \u00e0 dimens\u00e3o do problema, o Conselho da UE pediu uma solu\u00e7\u00e3o simples e tempor\u00e1ria para cobrar direitos aduaneiros sobre esses bens j\u00e1 no pr\u00f3ximo ano, para uma r\u00e1pida implementa\u00e7\u00e3o, proporcionando simultaneamente o tempo necess\u00e1rio para desenvolver o centro de dados aduaneiros necess\u00e1rio para o novo sistema.<\/p>\n<p>As empresas europeias, em particular os retalhistas, t\u00eam salientado repetidamente a necessidade de eliminar esta distor\u00e7\u00e3o da concorr\u00eancia.<\/p>\n<p>A medida agora acordada visa, por isso, garantir concorr\u00eancia justa com os retalhistas europeus, reduzir o enorme volume das pequenas encomendas (que foram de cerca de 4,6 mil milh\u00f5es em 2024, 91% dos quais provenientes da China), refor\u00e7ar o controlo de produtos n\u00e3o conformes e cobrir os custos alfandeg\u00e1rios.<\/p>\n<p>Atualmente, muitas dessas encomendas entram na UE sem pagar taxas e sem controlo adequado de seguran\u00e7a, ambiente ou qualidade.<\/p>\n<p>A Comiss\u00e3o Europeia quer, por isso, eliminar o limiar de isen\u00e7\u00e3o e introduzir uma taxa de cerca de dois euros por encomenda, esperando poder faz\u00ea-lo a partir de 2026.<\/p>\n","protected":false},"excerpt":{"rendered":"Todas as encomendas importadas v\u00e3o passar a ser taxadas, incluindo as que beneficiavam de uma isen\u00e7\u00e3o face ao&hellip;\n","protected":false},"author":2,"featured_media":151066,"comment_status":"","ping_status":"","sticky":false,"template":"","format":"standard","meta":{"footnotes":""},"categories":[83],"tags":[88,89,90,32,33],"class_list":{"0":"post-151065","1":"post","2":"type-post","3":"status-publish","4":"format-standard","5":"has-post-thumbnail","7":"category-empresas","8":"tag-business","9":"tag-economy","10":"tag-empresas","11":"tag-portugal","12":"tag-pt"},"share_on_mastodon":{"url":"https:\/\/pubeurope.com\/@pt\/115544744486881164","error":""},"_links":{"self":[{"href":"https:\/\/www.europesays.com\/pt\/wp-json\/wp\/v2\/posts\/151065","targetHints":{"allow":["GET"]}}],"collection":[{"href":"https:\/\/www.europesays.com\/pt\/wp-json\/wp\/v2\/posts"}],"about":[{"href":"https:\/\/www.europesays.com\/pt\/wp-json\/wp\/v2\/types\/post"}],"author":[{"embeddable":true,"href":"https:\/\/www.europesays.com\/pt\/wp-json\/wp\/v2\/users\/2"}],"replies":[{"embeddable":true,"href":"https:\/\/www.europesays.com\/pt\/wp-json\/wp\/v2\/comments?post=151065"}],"version-history":[{"count":0,"href":"https:\/\/www.europesays.com\/pt\/wp-json\/wp\/v2\/posts\/151065\/revisions"}],"wp:featuredmedia":[{"embeddable":true,"href":"https:\/\/www.europesays.com\/pt\/wp-json\/wp\/v2\/media\/151066"}],"wp:attachment":[{"href":"https:\/\/www.europesays.com\/pt\/wp-json\/wp\/v2\/media?parent=151065"}],"wp:term":[{"taxonomy":"category","embeddable":true,"href":"https:\/\/www.europesays.com\/pt\/wp-json\/wp\/v2\/categories?post=151065"},{"taxonomy":"post_tag","embeddable":true,"href":"https:\/\/www.europesays.com\/pt\/wp-json\/wp\/v2\/tags?post=151065"}],"curies":[{"name":"wp","href":"https:\/\/api.w.org\/{rel}","templated":true}]}}