{"id":151067,"date":"2025-11-13T22:30:14","date_gmt":"2025-11-13T22:30:14","guid":{"rendered":"https:\/\/www.europesays.com\/pt\/151067\/"},"modified":"2025-11-13T22:30:14","modified_gmt":"2025-11-13T22:30:14","slug":"marcio-garcia-acusa-agencia-de-turismo-de-estelionato-13-11-2025-celebridades","status":"publish","type":"post","link":"https:\/\/www.europesays.com\/pt\/151067\/","title":{"rendered":"M\u00e1rcio Garcia acusa ag\u00eancia de turismo de estelionato &#8211; 13\/11\/2025 &#8211; Celebridades"},"content":{"rendered":"<p>\n<strong class=\"c-signature__location\">Rio de Janeiro<\/strong>\n<\/p>\n<p>O ator e apresentador<a href=\"https:\/\/f5.folha.uol.com.br\/colunistas\/outro-canal\/2025\/03\/marcio-garcia-nao-chega-em-acordo-com-a-record-e-vai-ficar-fora-da-tv-em-2025.shtml\" rel=\"nofollow noopener\" target=\"\"> M\u00e1rcio Garcia, <\/a>55, registrou um boletim de ocorr\u00eancia contra uma ag\u00eancia de turismo nesta quarta-feira (12), no Rio de Janeiro, por estelionato. Ele afirma ter feito uma parceria comercial com a Outsider para divulgar a marca em suas redes sociais, em troca de passagens a\u00e9reas, hospedagem e ingressos para assistir aos jogos do Mundial de Clubes, nos Estados Unidos. A empresa nega as acusa\u00e7\u00f5es.<\/p>\n","protected":false},"excerpt":{"rendered":"Rio de Janeiro O ator e apresentador M\u00e1rcio Garcia, 55, registrou um boletim de ocorr\u00eancia contra uma ag\u00eancia&hellip;\n","protected":false},"author":2,"featured_media":151068,"comment_status":"","ping_status":"","sticky":false,"template":"","format":"standard","meta":{"footnotes":""},"categories":[145],"tags":[6973,1244,219,935,211,210,223,114,115,224,225,226,753,221,220,222,32799,32,33,2566,218,228,227],"class_list":{"0":"post-151067","1":"post","2":"type-post","3":"status-publish","4":"format-standard","5":"has-post-thumbnail","7":"category-celebridades","8":"tag-apresentador","9":"tag-ator","10":"tag-bichos","11":"tag-canais-de-tv","12":"tag-celebridades","13":"tag-celebrities","14":"tag-colunistas","15":"tag-entertainment","16":"tag-entretenimento","17":"tag-estranho","18":"tag-eu-amo","19":"tag-fofices","20":"tag-globo","21":"tag-horoscopo","22":"tag-humanos","23":"tag-humor","24":"tag-marcio-garcia","25":"tag-portugal","26":"tag-pt","27":"tag-televiso","28":"tag-televisao","29":"tag-tudo","30":"tag-videos"},"share_on_mastodon":{"url":"https:\/\/pubeurope.com\/@pt\/115544760203164180","error":""},"_links":{"self":[{"href":"https:\/\/www.europesays.com\/pt\/wp-json\/wp\/v2\/posts\/151067","targetHints":{"allow":["GET"]}}],"collection":[{"href":"https:\/\/www.europesays.com\/pt\/wp-json\/wp\/v2\/posts"}],"about":[{"href":"https:\/\/www.europesays.com\/pt\/wp-json\/wp\/v2\/types\/post"}],"author":[{"embeddable":true,"href":"https:\/\/www.europesays.com\/pt\/wp-json\/wp\/v2\/users\/2"}],"replies":[{"embeddable":true,"href":"https:\/\/www.europesays.com\/pt\/wp-json\/wp\/v2\/comments?post=151067"}],"version-history":[{"count":0,"href":"https:\/\/www.europesays.com\/pt\/wp-json\/wp\/v2\/posts\/151067\/revisions"}],"wp:featuredmedia":[{"embeddable":true,"href":"https:\/\/www.europesays.com\/pt\/wp-json\/wp\/v2\/media\/151068"}],"wp:attachment":[{"href":"https:\/\/www.europesays.com\/pt\/wp-json\/wp\/v2\/media?parent=151067"}],"wp:term":[{"taxonomy":"category","embeddable":true,"href":"https:\/\/www.europesays.com\/pt\/wp-json\/wp\/v2\/categories?post=151067"},{"taxonomy":"post_tag","embeddable":true,"href":"https:\/\/www.europesays.com\/pt\/wp-json\/wp\/v2\/tags?post=151067"}],"curies":[{"name":"wp","href":"https:\/\/api.w.org\/{rel}","templated":true}]}}