{"id":15107,"date":"2025-08-04T05:04:12","date_gmt":"2025-08-04T05:04:12","guid":{"rendered":"https:\/\/www.europesays.com\/pt\/15107\/"},"modified":"2025-08-04T05:04:12","modified_gmt":"2025-08-04T05:04:12","slug":"acorrentada-pela-mente-ganha-versao-ebook-obra-de-claudia-carvalho-expoe-traumas-vividos-em-silencio-por-decadas-jornal-espirito-santo-noticias","status":"publish","type":"post","link":"https:\/\/www.europesays.com\/pt\/15107\/","title":{"rendered":"\u201cAcorrentada pela Mente\u201d ganha vers\u00e3o eBook: obra de Claudia Carvalho exp\u00f5e traumas vividos em sil\u00eancio por d\u00e9cadas | Jornal Esp\u00edrito Santo Not\u00edcias"},"content":{"rendered":"<p>  \t\t\t\t\t\t\t<strong>Adquira o seu EbOOK em casa e fale com a escritora pelo fone \u2013 2899903-1776<\/strong><\/p>\n<p data-start=\"308\" data-end=\"738\">J\u00e1 foi chamada de \u201cdoida\u201d, \u201clouca\u201d e muitos outros adjetivos cru\u00e9is. Em alguns momentos, talvez at\u00e9 tenha acreditado nesses r\u00f3tulos, tamanha a dor silenciosa que a acompanhou por boa parte da vida. Sem diagn\u00f3stico por d\u00e9cadas, lutando para entender uma doen\u00e7a que mal sabia que tinha, Claudia Carvalho foi v\u00edtima de preconceito, viol\u00eancias f\u00edsicas e emocionais, mas tamb\u00e9m encontrou for\u00e7a para transformar sofrimento em palavras.<\/p>\n<p data-start=\"740\" data-end=\"1144\">\u00c9 dessa experi\u00eancia intensa que nasce \u201cAcorrentada pela Mente\u201d, obra potente e visceral da escritora, jornalista e fot\u00f3grafa capixaba, agora relan\u00e7ada em sua segunda edi\u00e7\u00e3o, na vers\u00e3o eBook. Subtitulada O Processo: Etapas do Tratamento, a obra retrata com coragem o enfrentamento di\u00e1rio de Claudia contra os transtornos mentais, entre eles o transtorno bipolar, diagnosticado apenas depois dos 40 anos.<\/p>\n<p data-start=\"1146\" data-end=\"1356\">Ao <strong data-start=\"1149\" data-end=\"1176\">Esp\u00edrito Santo Not\u00edcias<\/strong>, Claudia contou que escrever foi o caminho mais eficaz para aliviar a dor e iniciar o processo de cura. \u201cA cura \u00e9 um pouco a cada dia. E a escrita tem sido meu rem\u00e9dio\u201d, destacou.<\/p>\n<p data-start=\"1358\" data-end=\"1755\">A narrativa parte de viv\u00eancias pessoais duras: uma inf\u00e2ncia marcada pela aus\u00eancia da m\u00e3e, diagnosticada tamb\u00e9m com transtorno bipolar e a cria\u00e7\u00e3o pela av\u00f3 materna em Gua\u00e7u\u00ed (ES). Desde cedo, Claudia enfrentou rejei\u00e7\u00e3o, julgamentos e o medo de herdar a doen\u00e7a. A dor era potencializada pelos coment\u00e1rios cru\u00e9is: \u201ca filha da doida\u201d, \u201cela tamb\u00e9m tem duas caras?\u201d, \u201cser\u00e1 que \u00e9 doida tamb\u00e9m?\u201d.<\/p>\n<p data-start=\"1757\" data-end=\"1994\">Ao longo da vida, tamb\u00e9m enfrentou viol\u00eancia dom\u00e9stica, abuso, mudan\u00e7as dr\u00e1sticas de humor e at\u00e9 uma tentativa de suic\u00eddio. Foram anos travando uma batalha interna at\u00e9 que, enfim, veio o diagn\u00f3stico, tardio, sim, mas tamb\u00e9m libertador.<\/p>\n<p data-start=\"1996\" data-end=\"2377\">Mais que uma autobiografia, Acorrentada pela Mente \u00e9 um manifesto contra o sil\u00eancio. Uma obra que clama por empatia, compreens\u00e3o e humanidade diante das doen\u00e7as que, embora invis\u00edveis, s\u00e3o t\u00e3o reais quanto qualquer dor f\u00edsica. Com sensibilidade e honestidade, Claudia revisita feridas para curar a si mesma e, ao mesmo tempo, acolher leitores que enfrentam dilemas semelhantes.<\/p>\n<p data-start=\"2379\" data-end=\"2626\">\u201cSe voc\u00ea j\u00e1 se sentiu preso(a) dentro de si mesmo(a), ou conhece algu\u00e9m que esteja lutando em sil\u00eancio, este livro pode ser uma ponte entre o medo e a liberta\u00e7\u00e3o. Uma voz que representa tantas outras que ainda n\u00e3o conseguem falar\u201d, disse a autora.<\/p>\n<p data-start=\"2628\" data-end=\"2711\">Para Claudia, a obra \u00e9 mais do que um testemunho. \u00c9 uma ferramenta de cura. \u00c9 vida.<\/p>\n<p>\ud83d\udcd8 Sinopse de \u201cAcorrentada pela Mente\u201d<\/p>\n<p data-start=\"2764\" data-end=\"3051\">Na obra, Claudia Carvalho compartilha sua trajet\u00f3ria como filha primog\u00eanita de uma m\u00e3e com transtorno afetivo bipolar. Criada pela av\u00f3 em Gua\u00e7u\u00ed, no Esp\u00edrito Santo, enfrentou uma inf\u00e2ncia e adolesc\u00eancia marcadas por abandono emocional, estigma social e medo da hereditariedade da doen\u00e7a.<\/p>\n<p data-start=\"3053\" data-end=\"3329\">Ela descreve a dor de n\u00e3o poder contar com a m\u00e3e nos momentos mais dif\u00edceis, pois era justamente ela quem precisava de cuidados. A narrativa mergulha nas consequ\u00eancias emocionais dessa viv\u00eancia, expondo o impacto na autoestima, nas rela\u00e7\u00f5es afetivas, profissionais e sociais.<\/p>\n<p data-start=\"3331\" data-end=\"3590\">Claudia detalha o caminho percorrido em busca de equil\u00edbrio: acompanhamento psiqui\u00e1trico, psicoterapia, hipnoterapia, medita\u00e7\u00e3o e, sobretudo, o autoconhecimento. Enfrentando os fantasmas do passado, aprendeu a acolher a crian\u00e7a interior que ficou desamparada.<\/p>\n<p data-start=\"3592\" data-end=\"3791\">O livro prop\u00f5e desmistificar os transtornos mentais \u2014 especialmente o transtorno bipolar \u2014 e mostrar que, com apoio, tratamento e coragem, \u00e9 poss\u00edvel reconstruir-se e viver com dignidade e prop\u00f3sito.<\/p>\n<p>Compartilhe nas redes sociais<\/p>\n","protected":false},"excerpt":{"rendered":"Adquira o seu EbOOK em casa e fale com a escritora pelo fone \u2013 2899903-1776 J\u00e1 foi chamada&hellip;\n","protected":false},"author":2,"featured_media":15108,"comment_status":"","ping_status":"","sticky":false,"template":"","format":"standard","meta":{"footnotes":""},"categories":[143],"tags":[169,114,115,170,32,33],"class_list":{"0":"post-15107","1":"post","2":"type-post","3":"status-publish","4":"format-standard","5":"has-post-thumbnail","7":"category-livros","8":"tag-books","9":"tag-entertainment","10":"tag-entretenimento","11":"tag-livros","12":"tag-portugal","13":"tag-pt"},"share_on_mastodon":{"url":"","error":""},"_links":{"self":[{"href":"https:\/\/www.europesays.com\/pt\/wp-json\/wp\/v2\/posts\/15107","targetHints":{"allow":["GET"]}}],"collection":[{"href":"https:\/\/www.europesays.com\/pt\/wp-json\/wp\/v2\/posts"}],"about":[{"href":"https:\/\/www.europesays.com\/pt\/wp-json\/wp\/v2\/types\/post"}],"author":[{"embeddable":true,"href":"https:\/\/www.europesays.com\/pt\/wp-json\/wp\/v2\/users\/2"}],"replies":[{"embeddable":true,"href":"https:\/\/www.europesays.com\/pt\/wp-json\/wp\/v2\/comments?post=15107"}],"version-history":[{"count":0,"href":"https:\/\/www.europesays.com\/pt\/wp-json\/wp\/v2\/posts\/15107\/revisions"}],"wp:featuredmedia":[{"embeddable":true,"href":"https:\/\/www.europesays.com\/pt\/wp-json\/wp\/v2\/media\/15108"}],"wp:attachment":[{"href":"https:\/\/www.europesays.com\/pt\/wp-json\/wp\/v2\/media?parent=15107"}],"wp:term":[{"taxonomy":"category","embeddable":true,"href":"https:\/\/www.europesays.com\/pt\/wp-json\/wp\/v2\/categories?post=15107"},{"taxonomy":"post_tag","embeddable":true,"href":"https:\/\/www.europesays.com\/pt\/wp-json\/wp\/v2\/tags?post=15107"}],"curies":[{"name":"wp","href":"https:\/\/api.w.org\/{rel}","templated":true}]}}