{"id":151071,"date":"2025-11-13T22:35:13","date_gmt":"2025-11-13T22:35:13","guid":{"rendered":"https:\/\/www.europesays.com\/pt\/151071\/"},"modified":"2025-11-13T22:35:13","modified_gmt":"2025-11-13T22:35:13","slug":"e-um-dos-melhores-filmes-de-suspense-de-2025-e-esta-varrendo-o-prime-video","status":"publish","type":"post","link":"https:\/\/www.europesays.com\/pt\/151071\/","title":{"rendered":"\u00c9 um dos melhores filmes de suspense de 2025 e est\u00e1 varrendo o Prime Video"},"content":{"rendered":"<p>\n                        Se voc\u00ea gosta de suspense com reviravoltas, este filme com Meghann Fahy no streaming \u00e9 um dos mais tensos de 2025.\n                    <\/p>\n<ul class=\"article__header__author\">\n<li class=\"article__header__author__item\">\n                                                Por:<br \/>\n                                                                                    Bruno Botelho dos Santos \/ Adoro Cinema\n                                                                        <\/li>\n<\/ul>\n<p class=\"text\">Entre os lan\u00e7amentos de suspense e terror nos cinemas em 2025, <a href=\"https:\/\/www.adorocinema.com\/filmes\/filme-327242\/\" rel=\"nofollow noopener\" target=\"_blank\">Drop: Amea\u00e7a An\u00f4nima<\/a> \u00e9 um dos melhores (e mais tensos) filmes do ano, mas passou despercebido nas telonas. Agora, o filme chegou ao streaming e est\u00e1 tendo seu reconhecimento.<\/p>\n<p><img loading=\"lazy\" decoding=\"async\" alt=\"\" class=\"img-a0bad2fe091449c3e488eebc49621cd7b9ks61rf\" height=\"435\" src=\"https:\/\/www.europesays.com\/pt\/wp-content\/uploads\/2025\/11\/937503830-b051afd01b1ed0f1f2cbf8e040958373.jpg\"  title=\"Universal Pictures \/ Adoro Cinema\" width=\"774\"\/><\/p>\n<p>\nFoto: Universal Pictures \/ Adoro Cinema\n<\/p>\n<p class=\"text\"><b>Drop: Amea\u00e7a An\u00f4nima est\u00e1 em alta, fazendo sucesso no <\/b><a href=\"https:\/\/www.adorocinema.com\/streaming\/amazon\/\" rel=\"nofollow noopener\" target=\"_blank\"><b>cat\u00e1logo do Prime Video <\/b><\/a><b>no Brasil<\/b>. De acordo com o FlixPatrol, ele chegou a ser o mais assistido no streaming e segue como uma das produ\u00e7\u00f5es mais populares na plataforma. No cinema, o filme arrecadou US$ 28,7 milh\u00f5es mundialmente (com or\u00e7amento de 11 milh\u00f5es de d\u00f3lares).<\/p>\n<p>Qual \u00e9 a hist\u00f3ria de Drop: Amea\u00e7a An\u00f4nima?<\/p>\n<p class=\"text\">Em Drop: Amea\u00e7a An\u00f4nima, a m\u00e3e solteira e vi\u00fava Violet (<a href=\"https:\/\/www.adorocinema.com\/personalidades\/personalidade-528279\/\" rel=\"nofollow noopener\" target=\"_blank\">Meghann Fahy<\/a>) finalmente se arrisca e marca o primeiro encontro com o rapaz que tem conversado online, o charmoso Henry. Durante o jantar num restaurante luxuoso, Violet come\u00e7a a receber mensagens com amea\u00e7as de um n\u00famero desconhecido. Exigindo que ela jogue um jogo, caso contr\u00e1rio seus filhos sofrer\u00e3o as consequ\u00eancias, Violet precisa seguir as instru\u00e7\u00f5es exigidas sem poder mencionar o que est\u00e1 acontecendo para ningu\u00e9m, inclusive seu par rom\u00e2ntico.<\/p>\n<p>No streaming: Drop: Amea\u00e7a An\u00f4nima \u00e9 um dos filmes mais tensos de 2025<\/p>\n<p><img alt=\"\" class=\"img-05961f9f1804c2e1e22a861f23d95277f7zlhw4b\" decoding=\"async\" height=\"435\" loading=\"lazy\" src=\"https:\/\/www.europesays.com\/pt\/wp-content\/uploads\/2025\/11\/660977459-b8992889cd65da1eeec0dd6aee90d3c8.jpg\"  title=\"Adoro Cinema\" width=\"774\"\/><\/p>\n<p>\nFoto: Adoro Cinema\n<\/p>\n<p class=\"text\">Estrelado por Meghann Fahy e <a href=\"https:\/\/www.adorocinema.com\/personalidades\/personalidade-759855\/\" rel=\"nofollow noopener\" target=\"_blank\">Brandon Sklenar<\/a>, Drop: Amea\u00e7a An\u00f4nima \u00e9 dirigido por <a href=\"https:\/\/www.adorocinema.com\/personalidades\/personalidade-81735\/\" rel=\"nofollow noopener\" target=\"_blank\">Christopher Landon<\/a>, conhecido do\u2026 <\/p>\n<p class=\"text\"><a href=\"https:\/\/www.adorocinema.com\/noticias\/filmes\/noticia-1000175164\/\" rel=\"nofollow noopener\" target=\"_blank\">Artigo original publicado em AdoroCinema<\/a><\/p>\n<p class=\"text\"><a href=\"https:\/\/www.adorocinema.com\/noticias\/filmes\/noticia-1000153083\/\" rel=\"nofollow noopener\" target=\"_blank\">Assista a este incr\u00edvel suspense de viagem no tempo hoje no streaming: Imperd\u00edvel para os f\u00e3s de Christopher Nolan!<\/a><\/p>\n<p class=\"text\"><a href=\"https:\/\/www.adorocinema.com\/noticias\/filmes\/noticia-1000162628\/\" rel=\"nofollow noopener\" target=\"_blank\">Apenas 3 epis\u00f3dios na Netflix: O suspense que est\u00e1 varrendo o streaming \u00e9 perfeito para assistir de uma vez s\u00f3<\/a><\/p>\n<p class=\"text\"><a href=\"https:\/\/www.adorocinema.com\/noticias\/filmes\/noticia-1000167739\/\" rel=\"nofollow noopener\" target=\"_blank\">Hoje no streaming: H\u00e1 20 anos todos falavam deste suspense, mas a cr\u00edtica o destruiu<\/a><\/p>\n<p class=\"text\"><a href=\"https:\/\/www.adorocinema.com\/noticias\/filmes\/noticia-1000173318\/\" rel=\"nofollow noopener\" target=\"_blank\">N\u00famero 1 na Netflix em 64 pa\u00edses: A miniss\u00e9rie de suspense policial que fez hist\u00f3ria e vem varrendo o streaming<\/a><\/p>\n","protected":false},"excerpt":{"rendered":"Se voc\u00ea gosta de suspense com reviravoltas, este filme com Meghann Fahy no streaming \u00e9 um dos mais&hellip;\n","protected":false},"author":2,"featured_media":151072,"comment_status":"","ping_status":"","sticky":false,"template":"","format":"standard","meta":{"footnotes":""},"categories":[140],"tags":[114,115,147,148,146,32,33],"class_list":{"0":"post-151071","1":"post","2":"type-post","3":"status-publish","4":"format-standard","5":"has-post-thumbnail","7":"category-filmes","8":"tag-entertainment","9":"tag-entretenimento","10":"tag-film","11":"tag-filmes","12":"tag-movies","13":"tag-portugal","14":"tag-pt"},"share_on_mastodon":{"url":"https:\/\/pubeurope.com\/@pt\/115544780091725611","error":""},"_links":{"self":[{"href":"https:\/\/www.europesays.com\/pt\/wp-json\/wp\/v2\/posts\/151071","targetHints":{"allow":["GET"]}}],"collection":[{"href":"https:\/\/www.europesays.com\/pt\/wp-json\/wp\/v2\/posts"}],"about":[{"href":"https:\/\/www.europesays.com\/pt\/wp-json\/wp\/v2\/types\/post"}],"author":[{"embeddable":true,"href":"https:\/\/www.europesays.com\/pt\/wp-json\/wp\/v2\/users\/2"}],"replies":[{"embeddable":true,"href":"https:\/\/www.europesays.com\/pt\/wp-json\/wp\/v2\/comments?post=151071"}],"version-history":[{"count":0,"href":"https:\/\/www.europesays.com\/pt\/wp-json\/wp\/v2\/posts\/151071\/revisions"}],"wp:featuredmedia":[{"embeddable":true,"href":"https:\/\/www.europesays.com\/pt\/wp-json\/wp\/v2\/media\/151072"}],"wp:attachment":[{"href":"https:\/\/www.europesays.com\/pt\/wp-json\/wp\/v2\/media?parent=151071"}],"wp:term":[{"taxonomy":"category","embeddable":true,"href":"https:\/\/www.europesays.com\/pt\/wp-json\/wp\/v2\/categories?post=151071"},{"taxonomy":"post_tag","embeddable":true,"href":"https:\/\/www.europesays.com\/pt\/wp-json\/wp\/v2\/tags?post=151071"}],"curies":[{"name":"wp","href":"https:\/\/api.w.org\/{rel}","templated":true}]}}