{"id":151073,"date":"2025-11-13T22:36:10","date_gmt":"2025-11-13T22:36:10","guid":{"rendered":"https:\/\/www.europesays.com\/pt\/151073\/"},"modified":"2025-11-13T22:36:10","modified_gmt":"2025-11-13T22:36:10","slug":"video-tio-de-luis-rubiales-atira-lhe-ovos-na-apresentacao-do-seu-livro","status":"publish","type":"post","link":"https:\/\/www.europesays.com\/pt\/151073\/","title":{"rendered":"V\u00cdDEO: tio de Luis Rubiales atira-lhe ovos na apresenta\u00e7\u00e3o do seu livro"},"content":{"rendered":"<p style=\"margin-bottom:11px\">Luis Rubiales, antigo presidente da Real Federa\u00e7\u00e3o Espanhola de Futebol (RFEF) <a href=\"https:\/\/maisfutebol.iol.pt\/espanha\/luis-rubiales\/espanha-rubiales-diz-agora-que-vai-demitir-se\" target=\"_blank\" rel=\"nofollow noopener\">que deixou o cargo<\/a> devido \u00e0 pol\u00e9mica desencadeada pelo <a href=\"https:\/\/maisfutebol.iol.pt\/espanha\/internacional\/jenni-hermoso-formaliza-queixa-no-ministerio-publico-contra-rubiales\" target=\"_blank\" rel=\"nofollow noopener\">beijo na boca \u00e0 internacional espanhola Jenni Hermoso depois da final do Mundial de 2023<\/a>, foi alvo de uma tentativa de agress\u00e3o por parte do seu tio durante a apresenta\u00e7\u00e3o de um livro da sua autoria, nesta quinta-feira, em Madrid.<\/p>\n<p>Por entre gritos de \u00absem vergonha\u00bb, o irm\u00e3o mais novo do pai de Rubiales arremessou tr\u00eas ovos na dire\u00e7\u00e3o do antigo dirigente, que se levantou de pronto e tentou confrontar o tio.<\/p>\n<p>\u00abEntrou uma pessoa na sala que, mais tarde, percebi ser o meu tio. Ele levou alguns ovos e atirou-os na minha dire\u00e7\u00e3o, mas como n\u00e3o sabia o que ele tinha nas m\u00e3os, e vi-o a entrar a correr, pensei que ele estivesse armado. Corri na sua dire\u00e7\u00e3o o mais r\u00e1pido que pude\u00bb, contou o ex-dirigente ao jornal Marca.<\/p>\n<p>Valeu a r\u00e1pida interven\u00e7\u00e3o das for\u00e7as de seguran\u00e7a, que impediram que a situa\u00e7\u00e3o ganhasse contornos de maior gravidade.<\/p>\n<p>Definido por Rubiales como \u00abuma pessoa conflituosa\u00bb, o agressor foi prontamente manietado e retirado da sala.<\/p>\n<p>O livro intitulado \u00abMatar Rubiales\u00bb conta a vers\u00e3o do antigo presidente da RFEF sobre um caso que ganhou notoriedade a n\u00edvel global e <a href=\"https:\/\/maisfutebol.iol.pt\/espanha\/futebol-feminino\/espanha-rubiales-condenado-a-pagar-10-800-euros-a-jenni-hermoso\" target=\"_blank\" rel=\"nofollow noopener\">redundou numa condena\u00e7\u00e3o por agress\u00e3o sexual<\/a>, em fevereiro deste ano.<\/p>\n<p>\u00abFoi um beijo de emo\u00e7\u00e3o, sem qualquer conota\u00e7\u00e3o sexual. Jenni era minha amiga. N\u00e3o vou mudar o meu depoimento inicial, como ela fez\u00bb, repetiu Luis Rubiales, numa entrevista ao programa El Chiringuito, na passada quarta-feira.<\/p>\n","protected":false},"excerpt":{"rendered":"Luis Rubiales, antigo presidente da Real Federa\u00e7\u00e3o Espanhola de Futebol (RFEF) que deixou o cargo devido \u00e0 pol\u00e9mica&hellip;\n","protected":false},"author":2,"featured_media":151074,"comment_status":"","ping_status":"","sticky":false,"template":"","format":"standard","meta":{"footnotes":""},"categories":[87],"tags":[135,640,4238,4235,32801,32800,1356,46,32,33,47,134],"class_list":{"0":"post-151073","1":"post","2":"type-post","3":"status-publish","4":"format-standard","5":"has-post-thumbnail","7":"category-desporto","8":"tag-desporto","9":"tag-espanha","10":"tag-incrivel","11":"tag-insolito","12":"tag-jenni-hermoso","13":"tag-luis-rubiales","14":"tag-mais-futebol","15":"tag-maisfutebol","16":"tag-portugal","17":"tag-pt","18":"tag-pura-paixao","19":"tag-sports"},"share_on_mastodon":{"url":"https:\/\/pubeurope.com\/@pt\/115544783805789916","error":""},"_links":{"self":[{"href":"https:\/\/www.europesays.com\/pt\/wp-json\/wp\/v2\/posts\/151073","targetHints":{"allow":["GET"]}}],"collection":[{"href":"https:\/\/www.europesays.com\/pt\/wp-json\/wp\/v2\/posts"}],"about":[{"href":"https:\/\/www.europesays.com\/pt\/wp-json\/wp\/v2\/types\/post"}],"author":[{"embeddable":true,"href":"https:\/\/www.europesays.com\/pt\/wp-json\/wp\/v2\/users\/2"}],"replies":[{"embeddable":true,"href":"https:\/\/www.europesays.com\/pt\/wp-json\/wp\/v2\/comments?post=151073"}],"version-history":[{"count":0,"href":"https:\/\/www.europesays.com\/pt\/wp-json\/wp\/v2\/posts\/151073\/revisions"}],"wp:featuredmedia":[{"embeddable":true,"href":"https:\/\/www.europesays.com\/pt\/wp-json\/wp\/v2\/media\/151074"}],"wp:attachment":[{"href":"https:\/\/www.europesays.com\/pt\/wp-json\/wp\/v2\/media?parent=151073"}],"wp:term":[{"taxonomy":"category","embeddable":true,"href":"https:\/\/www.europesays.com\/pt\/wp-json\/wp\/v2\/categories?post=151073"},{"taxonomy":"post_tag","embeddable":true,"href":"https:\/\/www.europesays.com\/pt\/wp-json\/wp\/v2\/tags?post=151073"}],"curies":[{"name":"wp","href":"https:\/\/api.w.org\/{rel}","templated":true}]}}