{"id":151077,"date":"2025-11-13T22:42:08","date_gmt":"2025-11-13T22:42:08","guid":{"rendered":"https:\/\/www.europesays.com\/pt\/151077\/"},"modified":"2025-11-13T22:42:08","modified_gmt":"2025-11-13T22:42:08","slug":"diretor-da-cnn-acusado-de-discriminar-por-orientacao-sexual-observador","status":"publish","type":"post","link":"https:\/\/www.europesays.com\/pt\/151077\/","title":{"rendered":"Diretor da CNN acusado de discriminar por orienta\u00e7\u00e3o sexual \u2013 Observador"},"content":{"rendered":"<p>Frederico Roque de Pinho chegou ao cargo de diretor executivo da CNN em fevereiro de 2022, pela m\u00e3o do diretor geral da CNN Portugal, Nuno Santos, que afirmou na altura: \u201cA escolha [da nova equipa] foi feita em articula\u00e7\u00e3o com o novo diretor-geral da TVI\u201d, referindo-se a Jos\u00e9 Eduardo Moniz. O Observador confrontou o diretor-geral da CNN com a suspens\u00e3o do seu diretor executivo, mas Nuno Santos recusou-se a comentar o caso.<\/p>\n<p>Foi atrav\u00e9s do tal canal de den\u00fancias que a CNN tem \u00e0 disposi\u00e7\u00e3o dos seus funcion\u00e1rios que as queixas sobre Frederico Roque de Pinho surgiram. Neste caso, foram denunciadas alegadas situa\u00e7\u00f5es de discrimina\u00e7\u00e3o, mas aquela plataforma pode ser usada, de forma an\u00f3nima, para reportar todo o tipo de situa\u00e7\u00f5es que os profissionais considerem ser irregulares: casos de ass\u00e9dio sexual, ass\u00e9dio laboral, seguran\u00e7a, sa\u00fade, quest\u00f5es \u00e9ticas ou outras.<\/p>\n<blockquote class=\"wp-embedded-content\" data-secret=\"kSOSXImILr\">\n<p><a href=\"https:\/\/observador.pt\/especiais\/principais-orgaos-do-estado-e-mais-de-oito-mil-empresas-passam-a-ter-canais-de-denuncia-e-sao-obrigadas-a-proteger-denunciantes\/\" rel=\"nofollow noopener\" target=\"_blank\">Principais \u00f3rg\u00e3os do Estado e mais de oito mil empresas passam a ter canais de den\u00fancia \u2014 e s\u00e3o obrigadas a proteger denunciantes<\/a><\/p>\n<\/blockquote>\n<p>Os canais de den\u00fancia come\u00e7aram a multiplicar-se ao longo de 2022 e tornaram-se obrigat\u00f3rios por lei a partir de 17 de junho desse ano. Ao todo, 8.312 empresas e organismos do Estado em Portugal deveriam passar a ter, a partir desse momento, canais pr\u00f3prios para proteger duplamente os seus funcion\u00e1rios: por um lado, porque passavam a ter uma via formal para apresentar casos pass\u00edveis de gerar conflitos hier\u00e1rquicos; por outro lado, a legisla\u00e7\u00e3o prev\u00ea que os autores das den\u00fancias devem beneficiar de um grau refor\u00e7ado de prote\u00e7\u00e3o, para garantir que os reportes n\u00e3o ficam por fazer por receio de repres\u00e1lias por parte da pr\u00f3pria organiza\u00e7\u00e3o. Na pr\u00e1tica, os denunciantes n\u00e3o podem ser despedidos, sancionados ou prejudicados de alguma forma na sua carreira profissional por motivos relacionados com a den\u00fancia.<\/p>\n<p>E porqu\u00ea os tais 8.312 organismos e empresas? Porque a legisla\u00e7\u00e3o se aplica a todas as entidades p\u00fablicas e privadas com mais de 50 trabalhadores e \u00e9 esse o universo que em junho o Instituto Nacional de Estat\u00edstica apresentava para a realidade empresarial no pa\u00eds.<\/p>\n<p>O primeiro caso com impacto real numa grande empresa nacional aconteceu j\u00e1 este ano de 2025: logo em janeiro, o presidente da Galp Energia apresentou a demiss\u00e3o do cargo alegando \u201cmotivos familiares\u201d. Mas a sa\u00edda foi anunciada depois de ser tornada p\u00fablica uma den\u00fancia contra Filipe Silva, por alegadamente manter uma rela\u00e7\u00e3o com uma diretora da empresa que dependia hierarquicamente do CEO da empresa.<\/p>\n<p>No comunicado em que anunciou a sa\u00edda de Filipe Silva, a presidente do Conselho de Administra\u00e7\u00e3o da Galp n\u00e3o fez qualquer men\u00e7\u00e3o ao caso em que o CEO da Galp Energia era visado. \u201cGostaria de enfatizar o contributo do Filipe para a empresa nos \u00faltimos 12 anos, per\u00edodo durante o qual a sua dedica\u00e7\u00e3o foi importante para o crescimento da Galp\u201d, referia o comunicado, citando Paula Amorim.<\/p>\n<p>O caso que envolve Frederico Roque de Pinho e a CNN pode vir a ser a segunda situa\u00e7\u00e3o em que um dirigente de uma empresa como elevada notoriedade p\u00fablica \u00e9 posto em causa por uma queixa comunicada atrav\u00e9s do canal de den\u00fancias, desde a cria\u00e7\u00e3o oficial deste mecanismo em 2022.<\/p>\n","protected":false},"excerpt":{"rendered":"Frederico Roque de Pinho chegou ao cargo de diretor executivo da CNN em fevereiro de 2022, pela m\u00e3o&hellip;\n","protected":false},"author":2,"featured_media":151078,"comment_status":"","ping_status":"","sticky":false,"template":"","format":"standard","meta":{"footnotes":""},"categories":[10],"tags":[27,28,607,28568,476,90,15,16,14,25,26,21,22,715,12,13,19,20,32,23,24,33,58,2671,17,18,29,30,31],"class_list":{"0":"post-151077","1":"post","2":"type-post","3":"status-publish","4":"format-standard","5":"has-post-thumbnail","7":"category-portugal","8":"tag-breaking-news","9":"tag-breakingnews","10":"tag-cnn","11":"tag-discriminau00e7u00e3o","12":"tag-economia","13":"tag-empresas","14":"tag-featured-news","15":"tag-featurednews","16":"tag-headlines","17":"tag-latest-news","18":"tag-latestnews","19":"tag-main-news","20":"tag-mainnews","21":"tag-media","22":"tag-news","23":"tag-noticias","24":"tag-noticias-principais","25":"tag-noticiasprincipais","26":"tag-portugal","27":"tag-principais-noticias","28":"tag-principaisnoticias","29":"tag-pt","30":"tag-sociedade","31":"tag-televisu00e3o","32":"tag-top-stories","33":"tag-topstories","34":"tag-ultimas","35":"tag-ultimas-noticias","36":"tag-ultimasnoticias"},"share_on_mastodon":{"url":"https:\/\/pubeurope.com\/@pt\/115544807355269962","error":""},"_links":{"self":[{"href":"https:\/\/www.europesays.com\/pt\/wp-json\/wp\/v2\/posts\/151077","targetHints":{"allow":["GET"]}}],"collection":[{"href":"https:\/\/www.europesays.com\/pt\/wp-json\/wp\/v2\/posts"}],"about":[{"href":"https:\/\/www.europesays.com\/pt\/wp-json\/wp\/v2\/types\/post"}],"author":[{"embeddable":true,"href":"https:\/\/www.europesays.com\/pt\/wp-json\/wp\/v2\/users\/2"}],"replies":[{"embeddable":true,"href":"https:\/\/www.europesays.com\/pt\/wp-json\/wp\/v2\/comments?post=151077"}],"version-history":[{"count":0,"href":"https:\/\/www.europesays.com\/pt\/wp-json\/wp\/v2\/posts\/151077\/revisions"}],"wp:featuredmedia":[{"embeddable":true,"href":"https:\/\/www.europesays.com\/pt\/wp-json\/wp\/v2\/media\/151078"}],"wp:attachment":[{"href":"https:\/\/www.europesays.com\/pt\/wp-json\/wp\/v2\/media?parent=151077"}],"wp:term":[{"taxonomy":"category","embeddable":true,"href":"https:\/\/www.europesays.com\/pt\/wp-json\/wp\/v2\/categories?post=151077"},{"taxonomy":"post_tag","embeddable":true,"href":"https:\/\/www.europesays.com\/pt\/wp-json\/wp\/v2\/tags?post=151077"}],"curies":[{"name":"wp","href":"https:\/\/api.w.org\/{rel}","templated":true}]}}