{"id":151079,"date":"2025-11-13T22:44:09","date_gmt":"2025-11-13T22:44:09","guid":{"rendered":"https:\/\/www.europesays.com\/pt\/151079\/"},"modified":"2025-11-13T22:44:09","modified_gmt":"2025-11-13T22:44:09","slug":"marco-costa-noiva-do-pasteleiro-abre-o-jogo-sobre-aumentar-a-familia-vai-ser-no","status":"publish","type":"post","link":"https:\/\/www.europesays.com\/pt\/151079\/","title":{"rendered":"Marco Costa &#8211; Noiva do pasteleiro abre o jogo sobre aumentar a fam\u00edlia: &#8220;Vai ser no&#8230;&#8221;"},"content":{"rendered":"<p>N\u00e3o \u00e9 segredo para ningu\u00e9m que<strong> Marco Costa<\/strong> sempre quis ser pai, um sonho que acabou por realizar ao lado de <strong>Carolina Pinto<\/strong>. Os dois s\u00e3o pap\u00e1s da pequena <strong>Maria Em\u00edlia<\/strong> que tem, agora, dois anos. A menina tem um irm\u00e3o mais velho, fruto de uma rela\u00e7\u00e3o anterior de Carolina.<\/p>\n<p>Mas ser\u00e1 que o casal pensa em aumentar a fam\u00edlia? Questionada por um internauta sobre a possibilidade de voltar a ser m\u00e3e, a criadora de conte\u00fados digitais admitiu que gostaria, mas garantiu que esse n\u00e3o \u00e9 o foco atual.<\/p>\n<blockquote>\n<p><strong>Leia ainda: <\/strong>Marco Costa <a href=\"https:\/\/www.novagente.pt\/marco-costa-emocionado-com-nova-experiencia-foi-dificil-segurar-lagrimas\" rel=\"nofollow noopener\" target=\"_blank\">emocionado com nova experi\u00eancia: &#8220;Foi dif\u00edcil segurar as l\u00e1grimas&#8230;&#8221;<\/a><\/p>\n<\/blockquote>\n<p>\u201cEstou muito focada em mim, em continuar a crescer, em novos desafio e em tudo o que ainda quero conquistar. Acho que h\u00e1 fases na vida e esta \u00e9 a minha fase de construir, de evoluir, de me sentir completa &#8216;sozinha&#8217; e nos meus projetos\u201d, explicou.<\/p>\n<p>E finalizou: \u201cQuando e se tiver de acontecer outra vez, vai ser no momento certo&#8221;.<\/p>\n<p>Carolina Pinto e Marco Costa lan\u00e7am desafio \u00e0 filha\u00a0<\/p>\n<p>Texto: Beatriz Soares; Fotos: Arquivo Impala e Redes Sociais.\u00a0<\/p>\n<p class=\"intagram-text\">Siga a Nova Gente no Instagram<\/p>\n<p>                        <a href=\"https:\/\/www.instagram.com\/revistanovagente\/\" target=\"_blank\" aria-label=\"instagram\" rel=\"noopener nofollow\"><img decoding=\"async\" style=\"display: block; margin-left: auto; margin-right: auto; width: 250px; height: 83px;\" src=\"https:\/\/www.europesays.com\/pt\/wp-content\/uploads\/2025\/11\/Instagram_NG.png\" alt=\"instagram\"\/><\/a><br \/>\n                    <script async src=\"\/\/www.instagram.com\/embed.js\"><\/script><\/p>\n","protected":false},"excerpt":{"rendered":"N\u00e3o \u00e9 segredo para ningu\u00e9m que Marco Costa sempre quis ser pai, um sonho que acabou por realizar&hellip;\n","protected":false},"author":2,"featured_media":151080,"comment_status":"","ping_status":"","sticky":false,"template":"","format":"standard","meta":{"footnotes":""},"categories":[145],"tags":[4126,211,210,114,115,1870,3310,2558,32,33],"class_list":{"0":"post-151079","1":"post","2":"type-post","3":"status-publish","4":"format-standard","5":"has-post-thumbnail","7":"category-celebridades","8":"tag-carolina-pinto","9":"tag-celebridades","10":"tag-celebrities","11":"tag-entertainment","12":"tag-entretenimento","13":"tag-filhos","14":"tag-marco-costa","15":"tag-maternidade","16":"tag-portugal","17":"tag-pt"},"share_on_mastodon":{"url":"https:\/\/pubeurope.com\/@pt\/115544815455986820","error":""},"_links":{"self":[{"href":"https:\/\/www.europesays.com\/pt\/wp-json\/wp\/v2\/posts\/151079","targetHints":{"allow":["GET"]}}],"collection":[{"href":"https:\/\/www.europesays.com\/pt\/wp-json\/wp\/v2\/posts"}],"about":[{"href":"https:\/\/www.europesays.com\/pt\/wp-json\/wp\/v2\/types\/post"}],"author":[{"embeddable":true,"href":"https:\/\/www.europesays.com\/pt\/wp-json\/wp\/v2\/users\/2"}],"replies":[{"embeddable":true,"href":"https:\/\/www.europesays.com\/pt\/wp-json\/wp\/v2\/comments?post=151079"}],"version-history":[{"count":0,"href":"https:\/\/www.europesays.com\/pt\/wp-json\/wp\/v2\/posts\/151079\/revisions"}],"wp:featuredmedia":[{"embeddable":true,"href":"https:\/\/www.europesays.com\/pt\/wp-json\/wp\/v2\/media\/151080"}],"wp:attachment":[{"href":"https:\/\/www.europesays.com\/pt\/wp-json\/wp\/v2\/media?parent=151079"}],"wp:term":[{"taxonomy":"category","embeddable":true,"href":"https:\/\/www.europesays.com\/pt\/wp-json\/wp\/v2\/categories?post=151079"},{"taxonomy":"post_tag","embeddable":true,"href":"https:\/\/www.europesays.com\/pt\/wp-json\/wp\/v2\/tags?post=151079"}],"curies":[{"name":"wp","href":"https:\/\/api.w.org\/{rel}","templated":true}]}}