{"id":151081,"date":"2025-11-13T22:48:14","date_gmt":"2025-11-13T22:48:14","guid":{"rendered":"https:\/\/www.europesays.com\/pt\/151081\/"},"modified":"2025-11-13T22:48:14","modified_gmt":"2025-11-13T22:48:14","slug":"ador-ira-realizar-reunioes-individuais-com-as-integrantes-do-newjeans-diz-representante","status":"publish","type":"post","link":"https:\/\/www.europesays.com\/pt\/151081\/","title":{"rendered":"ADOR ir\u00e1 realizar reuni\u00f5es individuais com as integrantes do NewJeans, diz representante"},"content":{"rendered":"<p>Na \u00faltima quarta-feira, 12, a ADOR anunciou que <strong>Haerin<\/strong> e <strong>Hyein<\/strong>, integrantes do <a href=\"https:\/\/www.instagram.com\/newjeans_official\/\" target=\"_blank\" rel=\"noopener nofollow\">NewJeans<\/a>, \u201cexpressaram sua inten\u00e7\u00e3o de continuar suas atividades\u201d com a empresa. Momentos depois, por meio de um comunicado, <strong>Minji<\/strong>, <strong>Hanni<\/strong> e <strong>Danielle<\/strong> tamb\u00e9m anunciaram que pretendem voltar \u00e0 ag\u00eancia, por\u00e9m, ainda n\u00e3o haviam conseguido contato com os representantes.<\/p>\n<p>No mesmo dia, a <a href=\"https:\/\/adoraudition.world\/\" target=\"_blank\" rel=\"noopener nofollow\">ADOR<\/a> respondeu que estavam \u201cverificando a veracidade da inten\u00e7\u00e3o de Minji, Hanni e Danielle de retornarem\u201d. J\u00e1 nesta quinta-feira, 13, a empresa emitiu um novo comunicado, dizendo que ir\u00e3o realizar reuni\u00f5es individuais com as tr\u00eas integrantes para discutir seu retorno.<\/p>\n<blockquote>\n<p>\u201cEstamos trabalhando para agendar reuni\u00f5es individuais com os membros da NewJeans. Faremos o poss\u00edvel para garantir que as discuss\u00f5es ocorram sem problemas\u201d, disse o representante da ADOR em declara\u00e7\u00e3o \u00e0 imprensa (via Soompi).<\/p>\n<\/blockquote>\n<p>Vale lembrar que, toda a situa\u00e7\u00e3o come\u00e7ou em novembro de 2024, quando <a href=\"https:\/\/recreio.com.br\/tags\/newjeans\" target=\"_blank\" rel=\"noopener nofollow\"><strong>Minji<\/strong>, <strong>Hanni<\/strong>, <strong>Danielle<\/strong>, <strong>Haerin<\/strong> e <strong>Hyein<\/strong><\/a> anunciaram que estavam deixando a empresa, alegando mau gerenciamento e exigindo o retorno de<strong> Min Hee Jin<\/strong> ao cargo de CEO.<\/p>\n<p>Ao longo dos meses, o girlgroup e a ag\u00eancia travaram diferentes batalhas na justi\u00e7a, incluindo o pedido da ADOR validado pelo tribunal de proibir qualquer tipo de atividade de entretenimento realizado pelas artistas sem a autoriza\u00e7\u00e3o pr\u00e9via.<\/p>\n<p>No dia 30 de outubro, ocorreu a \u00faltima audi\u00eancia sobre o processo que avaliava a valida\u00e7\u00e3o dos contratos das cinco integrantes do NewJeans com a ADOR, com o Tribunal Distrital Central de Seul decidindo a favor da subsidi\u00e1ria da <a href=\"https:\/\/pt.wikipedia.org\/wiki\/Hybe_Corporation\" target=\"_blank\" rel=\"noopener nofollow\">HYBE<\/a>.<\/p>\n<p>Inicialmente, ap\u00f3s a decis\u00e3o, os representantes legais das artistas afirmaram que o quinteto respeitava a escolha do tribunal, mas que iriam \u201crecorrer imediatamente da decis\u00e3o de primeira inst\u00e2ncia e esperam que o tribunal de apela\u00e7\u00e3o revise novamente os fatos at\u00e9 o momento e os princ\u00edpios jur\u00eddicos que regem a rescis\u00e3o dos contratos de exclusividade, proferindo uma decis\u00e3o sensata\u201d.<\/p>\n<p>Com o an\u00fancio da inten\u00e7\u00e3o de retorno das cantoras \u00e0 ADOR, a empresa declarou que far\u00e1 o poss\u00edvel para que elas \u201cpossam continuar suas atividades de entretenimento sem problemas\u201d. O caso segue em andamento.<\/p>\n<p>        <a href=\"https:\/\/recreio.com.br\/noticias\/author\/daniela-bazi\" rel=\"nofollow noopener\" target=\"_blank\">&#13;<br \/>\n          <img loading=\"lazy\" alt=\"Daniela Bazi\" src=\"https:\/\/www.europesays.com\/pt\/wp-content\/uploads\/2025\/11\/1763074094_626_701cc86240953f42e068ecf8a0bb18dadb05bc88d7e776f8edb20aaea33b4eea\"  class=\"avatar avatar-115 photo rounded-circle mr-3\" height=\"115\" width=\"115\" decoding=\"async\"\/>        <\/a><\/p>\n<p>Daniela Bazi \u00e9 jornalista graduada pela UNINOVE, e bruxa formada na Escola de Magia e Bruxaria de Hogwarts. Amante de anima\u00e7\u00f5es, filmes e s\u00e9ries, tamb\u00e9m \u00e9 f\u00e3 de divas pop, entusiasta da Disney e k-popper nas horas vagas.<\/p>\n<p>\t                                            <script async src=\"\/\/www.instagram.com\/embed.js\"><\/script><\/p>\n","protected":false},"excerpt":{"rendered":"Na \u00faltima quarta-feira, 12, a ADOR anunciou que Haerin e Hyein, integrantes do NewJeans, \u201cexpressaram sua inten\u00e7\u00e3o de&hellip;\n","protected":false},"author":2,"featured_media":151082,"comment_status":"","ping_status":"","sticky":false,"template":"","format":"standard","meta":{"footnotes":""},"categories":[141],"tags":[28783,114,115,2345,1688,149,150,28785,32,33],"class_list":{"0":"post-151081","1":"post","2":"type-post","3":"status-publish","4":"format-standard","5":"has-post-thumbnail","7":"category-musica","8":"tag-ador","9":"tag-entertainment","10":"tag-entretenimento","11":"tag-hybe","12":"tag-k-pop","13":"tag-music","14":"tag-musica","15":"tag-newjeans","16":"tag-portugal","17":"tag-pt"},"share_on_mastodon":{"url":"https:\/\/pubeurope.com\/@pt\/115544831429289676","error":""},"_links":{"self":[{"href":"https:\/\/www.europesays.com\/pt\/wp-json\/wp\/v2\/posts\/151081","targetHints":{"allow":["GET"]}}],"collection":[{"href":"https:\/\/www.europesays.com\/pt\/wp-json\/wp\/v2\/posts"}],"about":[{"href":"https:\/\/www.europesays.com\/pt\/wp-json\/wp\/v2\/types\/post"}],"author":[{"embeddable":true,"href":"https:\/\/www.europesays.com\/pt\/wp-json\/wp\/v2\/users\/2"}],"replies":[{"embeddable":true,"href":"https:\/\/www.europesays.com\/pt\/wp-json\/wp\/v2\/comments?post=151081"}],"version-history":[{"count":0,"href":"https:\/\/www.europesays.com\/pt\/wp-json\/wp\/v2\/posts\/151081\/revisions"}],"wp:featuredmedia":[{"embeddable":true,"href":"https:\/\/www.europesays.com\/pt\/wp-json\/wp\/v2\/media\/151082"}],"wp:attachment":[{"href":"https:\/\/www.europesays.com\/pt\/wp-json\/wp\/v2\/media?parent=151081"}],"wp:term":[{"taxonomy":"category","embeddable":true,"href":"https:\/\/www.europesays.com\/pt\/wp-json\/wp\/v2\/categories?post=151081"},{"taxonomy":"post_tag","embeddable":true,"href":"https:\/\/www.europesays.com\/pt\/wp-json\/wp\/v2\/tags?post=151081"}],"curies":[{"name":"wp","href":"https:\/\/api.w.org\/{rel}","templated":true}]}}