{"id":151091,"date":"2025-11-13T22:56:10","date_gmt":"2025-11-13T22:56:10","guid":{"rendered":"https:\/\/www.europesays.com\/pt\/151091\/"},"modified":"2025-11-13T22:56:10","modified_gmt":"2025-11-13T22:56:10","slug":"greta-thunberg-fotografada-num-comboio-em-vigo-a-caminho-de-portugal","status":"publish","type":"post","link":"https:\/\/www.europesays.com\/pt\/151091\/","title":{"rendered":"Greta Thunberg fotografada num comboio em Vigo a caminho de Portugal"},"content":{"rendered":"<p data-remotead-prev-elm=\"true\" data-remotead-elm-id=\"inread\">Greta Thunberg foi vista num comboio com destino a Vigo, em Espanha, na ter\u00e7a-feira. &#8220;Agora, no comboio de Compostela para Vigo, tenho mesmo \u00e0 minha frente uma rapariga n\u00f3rdica&#8221;, escreveu um utilizador do X (antigo Twitter), partilhando uma fotografia da ativista.<\/p>\n<p>Nos coment\u00e1rios, os cibernautas questionam se Thunberg vai participar em algum f\u00f3rum clim\u00e1tico, ou se pretende boicotar o acendimento das luzes de Natal em Vigo, que decorre no s\u00e1bado.<\/p>\n<blockquote data-type=\"articles\" data-id=\"related-article-18014929\"><p>\n              <strong>Leia tamb\u00e9m <\/strong><br \/>\n              <a href=\"https:\/\/www.jn.pt\/nacional\/artigo\/vigo-pisca-o-olho-aos-portugueses-com-iluminacoes-de-natal-com-12-milhoes-de-luzes-led\/18014929\" rel=\"nofollow noopener\" target=\"_blank\">Vigo pisca o olho aos portugueses com ilumina\u00e7\u00f5es de Natal com 12 milh\u00f5es de luzes LED<\/a>\n            <\/p><\/blockquote>\n<p>A ag\u00eancia Efe, citada pelo jornal espanhol &#8220;El Mundo&#8221;, relata que a ativista viajava acompanhada de outro jovem estrangeiro e que o seu destino final era Portugal.<\/p>\n<p>Thunberg participou em v\u00e1rios protestos clim\u00e1ticos nos \u00faltimos meses e, mais recentemente, fez parte da viagem da Flotilha Global Sumud, acompanhada de figuras portuguesas como Mariana Mort\u00e1gua, Sofia Apar\u00edcio e Miguel Duarte.<\/p>\n","protected":false},"excerpt":{"rendered":"Greta Thunberg foi vista num comboio com destino a Vigo, em Espanha, na ter\u00e7a-feira. &#8220;Agora, no comboio de&hellip;\n","protected":false},"author":2,"featured_media":151092,"comment_status":"","ping_status":"","sticky":false,"template":"","format":"standard","meta":{"footnotes":""},"categories":[10],"tags":[7620,27,28,15,16,15056,14,25,26,21,22,619,12,13,19,20,32,23,24,33,17,18,29,30,31],"class_list":{"0":"post-151091","1":"post","2":"type-post","3":"status-publish","4":"format-standard","5":"has-post-thumbnail","7":"category-portugal","8":"tag-ativismo","9":"tag-breaking-news","10":"tag-breakingnews","11":"tag-featured-news","12":"tag-featurednews","13":"tag-greta-thunberg","14":"tag-headlines","15":"tag-latest-news","16":"tag-latestnews","17":"tag-main-news","18":"tag-mainnews","19":"tag-nacional","20":"tag-news","21":"tag-noticias","22":"tag-noticias-principais","23":"tag-noticiasprincipais","24":"tag-portugal","25":"tag-principais-noticias","26":"tag-principaisnoticias","27":"tag-pt","28":"tag-top-stories","29":"tag-topstories","30":"tag-ultimas","31":"tag-ultimas-noticias","32":"tag-ultimasnoticias"},"share_on_mastodon":{"url":"https:\/\/pubeurope.com\/@pt\/115544862403833441","error":""},"_links":{"self":[{"href":"https:\/\/www.europesays.com\/pt\/wp-json\/wp\/v2\/posts\/151091","targetHints":{"allow":["GET"]}}],"collection":[{"href":"https:\/\/www.europesays.com\/pt\/wp-json\/wp\/v2\/posts"}],"about":[{"href":"https:\/\/www.europesays.com\/pt\/wp-json\/wp\/v2\/types\/post"}],"author":[{"embeddable":true,"href":"https:\/\/www.europesays.com\/pt\/wp-json\/wp\/v2\/users\/2"}],"replies":[{"embeddable":true,"href":"https:\/\/www.europesays.com\/pt\/wp-json\/wp\/v2\/comments?post=151091"}],"version-history":[{"count":0,"href":"https:\/\/www.europesays.com\/pt\/wp-json\/wp\/v2\/posts\/151091\/revisions"}],"wp:featuredmedia":[{"embeddable":true,"href":"https:\/\/www.europesays.com\/pt\/wp-json\/wp\/v2\/media\/151092"}],"wp:attachment":[{"href":"https:\/\/www.europesays.com\/pt\/wp-json\/wp\/v2\/media?parent=151091"}],"wp:term":[{"taxonomy":"category","embeddable":true,"href":"https:\/\/www.europesays.com\/pt\/wp-json\/wp\/v2\/categories?post=151091"},{"taxonomy":"post_tag","embeddable":true,"href":"https:\/\/www.europesays.com\/pt\/wp-json\/wp\/v2\/tags?post=151091"}],"curies":[{"name":"wp","href":"https:\/\/api.w.org\/{rel}","templated":true}]}}