{"id":151097,"date":"2025-11-13T23:03:08","date_gmt":"2025-11-13T23:03:08","guid":{"rendered":"https:\/\/www.europesays.com\/pt\/151097\/"},"modified":"2025-11-13T23:03:08","modified_gmt":"2025-11-13T23:03:08","slug":"chegou-a-netflix-o-primeiro-filme-de-natal-do-ano-nit","status":"publish","type":"post","link":"https:\/\/www.europesays.com\/pt\/151097\/","title":{"rendered":"chegou \u00e0 Netflix o primeiro filme de Natal do ano \u2014 NiT"},"content":{"rendered":"<p>Alicia Silverstone tornou-se um \u00edcone dos teen flicks dos anos 90, com pap\u00e9is de destaque em t\u00edtulos como \u201cClueless\u201d e \u201cO Namorado At\u00f3mico\u201d. Ap\u00f3s um afastamento prolongado de Hollywood, motivado sobretudo pelas cr\u00edticas ao seu corpo depois de interpretar a Batgirl em \u201cBatman e Robin\u201d, a atriz regressa agora ao ecr\u00e3.<\/p>\n<p>Depois de integrar o elenco de \u201cBugonia\u201d, de Yorgos Lanthimos, Silverstone retoma o g\u00e9nero que a tornou famosa: as com\u00e9dias rom\u00e2nticas. A atriz protagoniza \u201cUm Natal Ex-pecial\u201d, da Netflix, ao lado de Pierson Fode, Jameela Jamil e Oliver Hudson. O filme estreou na plataforma a 12 de novembro e marca o arranque da programa\u00e7\u00e3o natal\u00edcia do servi\u00e7o para 2025.<\/p>\n<p>Na com\u00e9dia rom\u00e2ntica, Silverstone \u00e9 Kate, uma mulher rec\u00e9m-divorciada que quer passar um \u00faltimo Natal em fam\u00edlia antes de vender a casa. Os planos saem furados, sobretudo quando o ex-marido, Everett (Hudson), surge com a nova namorada, jovem e bem-sucedida. \u201cMas, enfim, o que seria da \u00e9poca natal\u00edcia sem um pouco de confus\u00e3o?\u201d, l\u00ea-se na sinopse oficial.<\/p>\n<p>Realizado por Steve Carr, o filme foi inspirado em cl\u00e1ssicos como \u201cIt\u2019s a Wonderful Life\u201d. \u201cTal como o George, a perspetiva dela muda quando algo abala a sua vida. \u00c9 depois disso que percebe que a vida que tem \u00e9 exatamente aquela que devia ter\u201d, afirmou o realizador ao \u201cTudum\u201d.<\/p>\n<p>Melissa Joan Hart, que tamb\u00e9m integra o elenco, descreveu a experi\u00eancia como uma das mais gratificantes da carreira. Conhecida por produ\u00e7\u00f5es como \u201cSabrina, A Bruxinha Adolescente\u201d e \u201cA Vizinha da Porta ao Lado\u201d, a atriz confessou: \u201c\u00c9 um mist\u00e9rio para mim como \u00e9 que a Alicia e eu nunca nos t\u00ednhamos conhecido at\u00e9 agora, tendo tanto em comum e tantas pessoas em comum. O Oliver \u00e9 um dos homens mais engra\u00e7ados que j\u00e1 conheci. A Jameela era algu\u00e9m com quem eu estava ansiosa por trabalhar, e fic\u00e1mos imediatamente melhores amigas. E o Pierson \u00e9 um verdadeiro profissional e uma alegria no set.\u201d<\/p>\n<p>Carregue na galeria para conhecer alguns dos filmes que estreiam em novembro nas plataformas de streaming.<\/p>\n","protected":false},"excerpt":{"rendered":"Alicia Silverstone tornou-se um \u00edcone dos teen flicks dos anos 90, com pap\u00e9is de destaque em t\u00edtulos como&hellip;\n","protected":false},"author":2,"featured_media":151098,"comment_status":"","ping_status":"","sticky":false,"template":"","format":"standard","meta":{"footnotes":""},"categories":[140],"tags":[114,115,147,148,146,32,33],"class_list":{"0":"post-151097","1":"post","2":"type-post","3":"status-publish","4":"format-standard","5":"has-post-thumbnail","7":"category-filmes","8":"tag-entertainment","9":"tag-entretenimento","10":"tag-film","11":"tag-filmes","12":"tag-movies","13":"tag-portugal","14":"tag-pt"},"share_on_mastodon":{"url":"https:\/\/pubeurope.com\/@pt\/115544890467089960","error":""},"_links":{"self":[{"href":"https:\/\/www.europesays.com\/pt\/wp-json\/wp\/v2\/posts\/151097","targetHints":{"allow":["GET"]}}],"collection":[{"href":"https:\/\/www.europesays.com\/pt\/wp-json\/wp\/v2\/posts"}],"about":[{"href":"https:\/\/www.europesays.com\/pt\/wp-json\/wp\/v2\/types\/post"}],"author":[{"embeddable":true,"href":"https:\/\/www.europesays.com\/pt\/wp-json\/wp\/v2\/users\/2"}],"replies":[{"embeddable":true,"href":"https:\/\/www.europesays.com\/pt\/wp-json\/wp\/v2\/comments?post=151097"}],"version-history":[{"count":0,"href":"https:\/\/www.europesays.com\/pt\/wp-json\/wp\/v2\/posts\/151097\/revisions"}],"wp:featuredmedia":[{"embeddable":true,"href":"https:\/\/www.europesays.com\/pt\/wp-json\/wp\/v2\/media\/151098"}],"wp:attachment":[{"href":"https:\/\/www.europesays.com\/pt\/wp-json\/wp\/v2\/media?parent=151097"}],"wp:term":[{"taxonomy":"category","embeddable":true,"href":"https:\/\/www.europesays.com\/pt\/wp-json\/wp\/v2\/categories?post=151097"},{"taxonomy":"post_tag","embeddable":true,"href":"https:\/\/www.europesays.com\/pt\/wp-json\/wp\/v2\/tags?post=151097"}],"curies":[{"name":"wp","href":"https:\/\/api.w.org\/{rel}","templated":true}]}}