{"id":151103,"date":"2025-11-13T23:08:19","date_gmt":"2025-11-13T23:08:19","guid":{"rendered":"https:\/\/www.europesays.com\/pt\/151103\/"},"modified":"2025-11-13T23:08:19","modified_gmt":"2025-11-13T23:08:19","slug":"quer-ganhar-dinheiro-extra-ctt-vao-recrutar-quase-1000-pessoas-durante-a-black-friday-e-epoca-natalicia-human-resources","status":"publish","type":"post","link":"https:\/\/www.europesays.com\/pt\/151103\/","title":{"rendered":"Quer ganhar dinheiro extra? CTT v\u00e3o recrutar quase 1000 pessoas durante a Black Friday e \u00e9poca natal\u00edcia \u2013 Human Resources"},"content":{"rendered":"\n<p>Quer ganhar dinheiro extra? CTT v\u00e3o recrutar quase 1000 pessoas durante a Black Friday e \u00e9poca natal\u00edcia \u2013 Human Resources<\/p>\n<ul class=\"bf-breadcrumb-items\" itemscope=\"\" itemtype=\"http:\/\/schema.org\/BreadcrumbList\">\n<li itemprop=\"itemListElement\" itemscope=\"\" itemtype=\"http:\/\/schema.org\/ListItem\" class=\"bf-breadcrumb-item bf-breadcrumb-begin\"><a itemprop=\"item\" href=\"https:\/\/hrportugal.sapo.pt\" rel=\"home nofollow noopener\" target=\"_blank\">Home<\/a><\/li>\n<li itemprop=\"itemListElement\" itemscope=\"\" itemtype=\"http:\/\/schema.org\/ListItem\" class=\"bf-breadcrumb-item\"><a itemprop=\"item\" href=\"https:\/\/hrportugal.sapo.pt\/categoria\/linkedin\/\" rel=\"nofollow noopener\" target=\"_blank\">Linkedin<\/a><\/li>\n<li itemprop=\"itemListElement\" itemscope=\"\" itemtype=\"http:\/\/schema.org\/ListItem\" class=\"bf-breadcrumb-item bf-breadcrumb-end\">Quer ganhar dinheiro extra? CTT v\u00e3o recrutar quase 1000 pessoas durante a Black Friday e \u00e9poca natal\u00edcia<\/li>\n<\/ul>\n","protected":false},"excerpt":{"rendered":"Quer ganhar dinheiro extra? CTT v\u00e3o recrutar quase 1000 pessoas durante a Black Friday e \u00e9poca natal\u00edcia \u2013&hellip;\n","protected":false},"author":2,"featured_media":151104,"comment_status":"","ping_status":"","sticky":false,"template":"","format":"standard","meta":{"footnotes":""},"categories":[83],"tags":[2012,88,13601,32804,89,90,619,32,33,4429],"class_list":{"0":"post-151103","1":"post","2":"type-post","3":"status-publish","4":"format-standard","5":"has-post-thumbnail","7":"category-empresas","8":"tag-black-friday","9":"tag-business","10":"tag-ctt","11":"tag-dia-de-reis","12":"tag-economy","13":"tag-empresas","14":"tag-nacional","15":"tag-portugal","16":"tag-pt","17":"tag-recrutamento"},"share_on_mastodon":{"url":"https:\/\/pubeurope.com\/@pt\/115544909837658093","error":""},"_links":{"self":[{"href":"https:\/\/www.europesays.com\/pt\/wp-json\/wp\/v2\/posts\/151103","targetHints":{"allow":["GET"]}}],"collection":[{"href":"https:\/\/www.europesays.com\/pt\/wp-json\/wp\/v2\/posts"}],"about":[{"href":"https:\/\/www.europesays.com\/pt\/wp-json\/wp\/v2\/types\/post"}],"author":[{"embeddable":true,"href":"https:\/\/www.europesays.com\/pt\/wp-json\/wp\/v2\/users\/2"}],"replies":[{"embeddable":true,"href":"https:\/\/www.europesays.com\/pt\/wp-json\/wp\/v2\/comments?post=151103"}],"version-history":[{"count":0,"href":"https:\/\/www.europesays.com\/pt\/wp-json\/wp\/v2\/posts\/151103\/revisions"}],"wp:featuredmedia":[{"embeddable":true,"href":"https:\/\/www.europesays.com\/pt\/wp-json\/wp\/v2\/media\/151104"}],"wp:attachment":[{"href":"https:\/\/www.europesays.com\/pt\/wp-json\/wp\/v2\/media?parent=151103"}],"wp:term":[{"taxonomy":"category","embeddable":true,"href":"https:\/\/www.europesays.com\/pt\/wp-json\/wp\/v2\/categories?post=151103"},{"taxonomy":"post_tag","embeddable":true,"href":"https:\/\/www.europesays.com\/pt\/wp-json\/wp\/v2\/tags?post=151103"}],"curies":[{"name":"wp","href":"https:\/\/api.w.org\/{rel}","templated":true}]}}