{"id":151109,"date":"2025-11-13T23:12:10","date_gmt":"2025-11-13T23:12:10","guid":{"rendered":"https:\/\/www.europesays.com\/pt\/151109\/"},"modified":"2025-11-13T23:12:10","modified_gmt":"2025-11-13T23:12:10","slug":"nicole-bahls-revela-como-consegue-dinheiro-e-surpreende","status":"publish","type":"post","link":"https:\/\/www.europesays.com\/pt\/151109\/","title":{"rendered":"Nicole Bahls revela como consegue dinheiro e surpreende"},"content":{"rendered":"<p>Nicole Bahls surpreendeu ao revelar que n\u00e3o vive do dinheiro que ganha com suas publicidades e contratos art\u00edsticos. A influenciadora digital, que acaba de deixar o elenco da Dan\u00e7a dos Famosos, contou que se sustenta com o lucro da venda de ovos e leites de seu s\u00edtio.<\/p>\n<p>Durante participa\u00e7\u00e3o no PodS\u00ea, podcast da Serasa sob comando do ex-BBB <a href=\"https:\/\/natelinha.uol.com.br\/famosos\/tudo-sobre\/gil-do-vigor\" rel=\"nofollow noopener\" target=\"_blank\">Gil do Vigor<\/a>, a famosa deixou claro que organiza bem sua vida financeira e poupa uma graninha: &#8220;Eu vivo da venda dos ovos das galinhas e do leite, e todo dinheiro da publicidade eu guardo&#8221;.<\/p>\n<p>+\u00a0<a href=\"https:\/\/natelinha.uol.com.br\/famosos\/2025\/11\/13\/cantores-da-calcinha-preta-revelam-reviravolta-envolvendo-silvania-aquino-233897.php\" rel=\"nofollow noopener\" target=\"_blank\">Cantores da Calcinha Preta revelam reviravolta envolvendo Silv\u00e2nia Aquino<\/a><\/p>\n<p>continua depois da publicidade<\/p>\n<p>+\u00a0<a href=\"https:\/\/natelinha.uol.com.br\/a-fazenda\/2025\/11\/13\/a-fazenda-rayane-maria-wallas-e-matheus-fazem-promessa-inesperada-para-a-eliminacao-de-carol-233892.php\" rel=\"nofollow noopener\" target=\"_blank\">A Fazenda: Rayane, Maria, Wallas e Matheus fazem promessa inesperada para a elimina\u00e7\u00e3o de Carol<\/a><\/p>\n<p>Quando foi campe\u00e3 do Power Couple Brasil, <a href=\"https:\/\/natelinha.uol.com.br\/famosos\/tudo-sobre\/nicole-bahls\" rel=\"nofollow noopener\" target=\"_blank\">Nicole Bahls<\/a> juntou o dinheiro do pr\u00eamio com algumas economias que j\u00e1 tinha e realizou o sonho de comprar o s\u00edtio no qual vive atualmente. O local conta com energia solar, po\u00e7o artesiano e <a href=\"https:\/\/natelinha.uol.com.br\/famosos\/2025\/07\/28\/nicole-bahls-revela-porque-batiza-animais-com-nomes-de-famosos-229152.php\" rel=\"nofollow noopener\" target=\"_blank\">muitos animais que ganharam o nome de artistas.<\/a><\/p>\n<p>S\u00f3 com ra\u00e7\u00e3o, banho e cuidados, ela gasta cerca de R$ 15 mil por m\u00eas: &#8220;Eu tinha umas economias, inteirei e botei 100% ali no terreno do meu s\u00edtio. Eu fiquei \u2018durinha\u2019, mas investi tudo no terreno&#8221;.<\/p>\n<p>continua depois da publicidade<\/p>\n<p>Nas redes sociais, j\u00e1 viralizou um meme da influencer brincando que ningu\u00e9m tem que se desesperar ao ficar com o nome negativado porque isso \u00e9 apenas uma fase. No podcast, ela assumiu que isso j\u00e1 aconteceu em sua vida por conta de R$ 50. &#8220;Nome sujo \u00e9 s\u00f3 uma fase, depois a gente limpa&#8221;, contou, lembrando que na \u00e9poca chegou a trabalhar com panfletagem recebendo R$ 30.<\/p>\n<p>Confira a participa\u00e7\u00e3o de Nicole Bahls no PodS\u00ea:<\/p>\n<p>                                <img decoding=\"async\" loading=\"lazy\" class=\"horizontal\" alt=\"Imagem da thumbnail do v\u00eddeo!\" src=\"https:\/\/www.europesays.com\/pt\/wp-content\/uploads\/2025\/11\/1763075530_371_hqdefault.jpg\"\/><\/p>\n","protected":false},"excerpt":{"rendered":"Nicole Bahls surpreendeu ao revelar que n\u00e3o vive do dinheiro que ganha com suas publicidades e contratos art\u00edsticos.&hellip;\n","protected":false},"author":2,"featured_media":151110,"comment_status":"","ping_status":"","sticky":false,"template":"","format":"standard","meta":{"footnotes":""},"categories":[145],"tags":[211,210,114,115,16902,8416,32,33],"class_list":{"0":"post-151109","1":"post","2":"type-post","3":"status-publish","4":"format-standard","5":"has-post-thumbnail","7":"category-celebridades","8":"tag-celebridades","9":"tag-celebrities","10":"tag-entertainment","11":"tag-entretenimento","12":"tag-gil-do-vigor","13":"tag-nicole-bahls","14":"tag-portugal","15":"tag-pt"},"share_on_mastodon":{"url":"https:\/\/pubeurope.com\/@pt\/115544925549013217","error":""},"_links":{"self":[{"href":"https:\/\/www.europesays.com\/pt\/wp-json\/wp\/v2\/posts\/151109","targetHints":{"allow":["GET"]}}],"collection":[{"href":"https:\/\/www.europesays.com\/pt\/wp-json\/wp\/v2\/posts"}],"about":[{"href":"https:\/\/www.europesays.com\/pt\/wp-json\/wp\/v2\/types\/post"}],"author":[{"embeddable":true,"href":"https:\/\/www.europesays.com\/pt\/wp-json\/wp\/v2\/users\/2"}],"replies":[{"embeddable":true,"href":"https:\/\/www.europesays.com\/pt\/wp-json\/wp\/v2\/comments?post=151109"}],"version-history":[{"count":0,"href":"https:\/\/www.europesays.com\/pt\/wp-json\/wp\/v2\/posts\/151109\/revisions"}],"wp:featuredmedia":[{"embeddable":true,"href":"https:\/\/www.europesays.com\/pt\/wp-json\/wp\/v2\/media\/151110"}],"wp:attachment":[{"href":"https:\/\/www.europesays.com\/pt\/wp-json\/wp\/v2\/media?parent=151109"}],"wp:term":[{"taxonomy":"category","embeddable":true,"href":"https:\/\/www.europesays.com\/pt\/wp-json\/wp\/v2\/categories?post=151109"},{"taxonomy":"post_tag","embeddable":true,"href":"https:\/\/www.europesays.com\/pt\/wp-json\/wp\/v2\/tags?post=151109"}],"curies":[{"name":"wp","href":"https:\/\/api.w.org\/{rel}","templated":true}]}}