{"id":151114,"date":"2025-11-13T23:17:16","date_gmt":"2025-11-13T23:17:16","guid":{"rendered":"https:\/\/www.europesays.com\/pt\/151114\/"},"modified":"2025-11-13T23:17:16","modified_gmt":"2025-11-13T23:17:16","slug":"caso-eloa-por-que-nayara-nao-aparece-no-documentario-da-netflix-noticias-de-cinema","status":"publish","type":"post","link":"https:\/\/www.europesays.com\/pt\/151114\/","title":{"rendered":"Caso Elo\u00e1: Por que Nayara n\u00e3o aparece no document\u00e1rio da Netflix? &#8211; Not\u00edcias de cinema"},"content":{"rendered":"<p>Amiga de Elo\u00e1 Pimentel e mantida em c\u00e1rcere privado por Lindemberg Alves, Nayara Rodrigues da Silva n\u00e3o aparece no document\u00e1rio da Netflix.<\/p>\n<p class=\"bo-p\"><a href=\"https:\/\/www.adorocinema.com\/filmes\/filme-1000033894\/\" class=\"bo-link\" rel=\"nofollow noopener\" target=\"_blank\">Caso Elo\u00e1 \u2013 Ref\u00e9m ao Vivo<\/a> est\u00e1 dispon\u00edvel no <a href=\"https:\/\/www.adorocinema.com\/streaming\/netflix\/\" class=\"bo-link\" rel=\"nofollow noopener\" target=\"_blank\">cat\u00e1logo da Netflix<\/a>, document\u00e1rio de <a href=\"https:\/\/www.adorocinema.com\/personalidades\/personalidade-852162\/\" class=\"bo-link\" rel=\"nofollow noopener\" target=\"_blank\">Cris Ghattas<\/a> que <a href=\"https:\/\/www.adorocinema.com\/noticias\/filmes\/noticia-1000174540\/\" class=\"bo-link\" rel=\"nofollow noopener\" target=\"_blank\">relembra uma das maiores trag\u00e9dias do Brasil<\/a>, do sequestro e assassinato de Elo\u00e1 Pimentel pelo ex-namorado Lindemberg Alves. A produ\u00e7\u00e3o traz v\u00e1rios depoimentos in\u00e9ditos, mas a aus\u00eancia de Nayara Rodrigues da Silva chamou aten\u00e7\u00e3o.<\/p>\n<p>Qual \u00e9 a hist\u00f3ria do Caso Elo\u00e1?<\/p>\n<p class=\"bo-p\">Caso Elo\u00e1 \u2013 Ref\u00e9m ao Vivo reconstr\u00f3i a trag\u00e9dia que marcou o Brasil trazendo novas perspectivas e depoimentos in\u00e9ditos. Em outubro de 2008, o sequestro de Elo\u00e1 Pimentel, uma adolescente de 15 anos, pelo ex-namorado Lindemberg Alves, de 22 anos, comoveu o pa\u00eds gra\u00e7as \u00e0 cobertura midi\u00e1tica em tempo real pelos canais de televis\u00e3o. Foram 100 horas de negocia\u00e7\u00f5es com a pol\u00edcia, especula\u00e7\u00f5es sobre a motiva\u00e7\u00e3o e tens\u00f5es e at\u00e9 uma entrevista com o pr\u00f3prio sequestrador. Al\u00e9m de entrevistas in\u00e9ditas, o document\u00e1rio da Netflix apresenta trechos nunca antes vistos do di\u00e1rio da pr\u00f3pria Elo\u00e1.<\/p>\n<p>Por que Nayara n\u00e3o aparece no document\u00e1rio Caso Elo\u00e1 da Netflix?<\/p>\n<p>                                <img loading=\"lazy\" decoding=\"async\" class=\"article-figure-img\" src=\"https:\/\/www.europesays.com\/pt\/wp-content\/uploads\/2025\/11\/2134f7088d314a4eb30a31d87a9bc569.jpg\" width=\"640\" height=\"320\" alt=\"\"\/><\/p>\n<p>                                    Netflix<\/p>\n<p class=\"bo-p\">Amiga de Elo\u00e1 Pimentel, Nayara Rodrigues da Silva tamb\u00e9m foi mantida em c\u00e1rcere privado por Lindemberg Alves. Ela sobreviveu ao sequestro, mas foi baleada no rosto e precisou passar por cirurgias de reconstru\u00e7\u00e3o. Em 2018, a Justi\u00e7a de S\u00e3o Paulo condenou o governo a pagar indeniza\u00e7\u00e3o de R$ 150 mil por danos morais, materiais e est\u00e9ticos (via G1). <\/p>\n<p class=\"bo-p\">Caso Elo\u00e1 \u2013 Ref\u00e9m ao Vivo apresenta entrevistas in\u00e9ditas com o irm\u00e3o de Elo\u00e1, Douglas, e tamb\u00e9m sua amiga, Grazieli Oliveira, al\u00e9m de depoimentos de jornalistas e autoridades que estiveram envolvidos no caso que chocou o Brasil em 2008. <b>Nayara n\u00e3o aparece no document\u00e1rio da Netflix<\/b><b>. Ela foi convidada a participar da produ\u00e7\u00e3o, mas recusou<\/b>. <\/p>\n<p class=\"bo-p\">A diretora Cris Ghattas explicou ao Metr\u00f3poles essa aus\u00eancia de Nayara Rodrigues da Silva no document\u00e1rio. &#8220;N\u00f3s convidamos e procuramos todas as pessoas que estiveram [envolvidas no caso], mas a <b>Nayara preferiu n\u00e3o participar. Acredito que ela ainda carrega uma ferida. Esse assunto continua muito sens\u00edvel para ela, e n\u00f3s respeitamos<\/b>&#8220;.<\/p>\n","protected":false},"excerpt":{"rendered":"Amiga de Elo\u00e1 Pimentel e mantida em c\u00e1rcere privado por Lindemberg Alves, Nayara Rodrigues da Silva n\u00e3o aparece&hellip;\n","protected":false},"author":2,"featured_media":151115,"comment_status":"","ping_status":"","sticky":false,"template":"","format":"standard","meta":{"footnotes":""},"categories":[140],"tags":[114,115,147,148,146,32,33],"class_list":{"0":"post-151114","1":"post","2":"type-post","3":"status-publish","4":"format-standard","5":"has-post-thumbnail","7":"category-filmes","8":"tag-entertainment","9":"tag-entretenimento","10":"tag-film","11":"tag-filmes","12":"tag-movies","13":"tag-portugal","14":"tag-pt"},"share_on_mastodon":{"url":"https:\/\/pubeurope.com\/@pt\/115544945467546733","error":""},"_links":{"self":[{"href":"https:\/\/www.europesays.com\/pt\/wp-json\/wp\/v2\/posts\/151114","targetHints":{"allow":["GET"]}}],"collection":[{"href":"https:\/\/www.europesays.com\/pt\/wp-json\/wp\/v2\/posts"}],"about":[{"href":"https:\/\/www.europesays.com\/pt\/wp-json\/wp\/v2\/types\/post"}],"author":[{"embeddable":true,"href":"https:\/\/www.europesays.com\/pt\/wp-json\/wp\/v2\/users\/2"}],"replies":[{"embeddable":true,"href":"https:\/\/www.europesays.com\/pt\/wp-json\/wp\/v2\/comments?post=151114"}],"version-history":[{"count":0,"href":"https:\/\/www.europesays.com\/pt\/wp-json\/wp\/v2\/posts\/151114\/revisions"}],"wp:featuredmedia":[{"embeddable":true,"href":"https:\/\/www.europesays.com\/pt\/wp-json\/wp\/v2\/media\/151115"}],"wp:attachment":[{"href":"https:\/\/www.europesays.com\/pt\/wp-json\/wp\/v2\/media?parent=151114"}],"wp:term":[{"taxonomy":"category","embeddable":true,"href":"https:\/\/www.europesays.com\/pt\/wp-json\/wp\/v2\/categories?post=151114"},{"taxonomy":"post_tag","embeddable":true,"href":"https:\/\/www.europesays.com\/pt\/wp-json\/wp\/v2\/tags?post=151114"}],"curies":[{"name":"wp","href":"https:\/\/api.w.org\/{rel}","templated":true}]}}