{"id":151124,"date":"2025-11-13T23:26:29","date_gmt":"2025-11-13T23:26:29","guid":{"rendered":"https:\/\/www.europesays.com\/pt\/151124\/"},"modified":"2025-11-13T23:26:29","modified_gmt":"2025-11-13T23:26:29","slug":"luciana-abreu-a-atitude-de-daniel-oliveira-assim-que-descobriu-que-atriz-se-ia-embora","status":"publish","type":"post","link":"https:\/\/www.europesays.com\/pt\/151124\/","title":{"rendered":"Luciana Abreu &#8211; A atitude de Daniel Oliveira assim que descobriu que atriz se ia embora"},"content":{"rendered":"<p><strong>Luciana Abreu <\/strong>est\u00e1 a <a href=\"https:\/\/www.novagente.pt\/luciana-abreu-para-alem-de-apresentar-manha-cm-vai-ter-projeto-inedito-na-carreira\" target=\"_blank\" rel=\"nofollow noopener\">caminho da <\/a><strong><a href=\"https:\/\/www.novagente.pt\/luciana-abreu-para-alem-de-apresentar-manha-cm-vai-ter-projeto-inedito-na-carreira\" target=\"_blank\" rel=\"nofollow noopener\">CMTV<\/a> <\/strong>para apresentar o programa das manh\u00e3s ao lado de Rui Oliveira. A apresentadora informou oficialmente a SIC h\u00e1 precisamente uma semana da sua inten\u00e7\u00e3o de <a href=\"https:\/\/www.novagente.pt\/luciana-abreu-nao-foi-so-dinheiro-outro-motivo-que-levou-abandonar-sic-pela-cmtv\" target=\"_blank\" rel=\"nofollow noopener\">n\u00e3o renovar contrato<\/a> com a esta\u00e7\u00e3o de Pa\u00e7o de Arcos.<\/p>\n<p>&#8220;Ela vai para as manh\u00e3s fazer dupla como Rui. Come\u00e7a a trabalhar nos primeiros dias de janeiro&#8221;, destaca a <a href=\"https:\/\/www.tv7dias.pt\/luciana-abreu-a-caminho-das-manhas-da-cmtv-com-condicoes-extraordinarias-exclusivo\" target=\"_blank\" rel=\"nofollow noopener\">TV 7 Dias<\/a>, uma informa\u00e7\u00e3o que a <a href=\"https:\/\/www.novagente.pt\/luciana-abreu-nao-foi-so-dinheiro-outro-motivo-que-levou-abandonar-sic-pela-cmtv\" target=\"_blank\" rel=\"nofollow noopener\">NOVA GENTE j\u00e1 tinha avan\u00e7ado<\/a>.<\/p>\n<p>Daniel Oliveira n\u00e3o tentou manter Luciana Abreu<\/p>\n<p>Ainda assim, apesar de ter sido surpreendido com o an\u00fancio de sa\u00edda de Luciana, a verdade \u00e9 que, de acordo com a mesma publica\u00e7\u00e3o, o diretor de programas da SIC n\u00e3o ter\u00e1 feito qualquer esfor\u00e7o financeiro para manter Luciana Abreu na SIC.<\/p>\n<p>&#8220;Nunca houve qualquer tipo de tentativa de reverter o cen\u00e1rio por parte da SIC, nem o Daniel nem ningu\u00e9m tentou fazer uma contra-proposta ao contr\u00e1rio do que tem sido escrito&#8221;.<\/p>\n<p>Texto: Tom\u00e1s Casc\u00e3o; Fotos: Arquivo Impala &amp; Redes sociais<\/p>\n<p class=\"intagram-text\">Siga a Nova Gente no Instagram<\/p>\n<p>                        <a href=\"https:\/\/www.instagram.com\/revistanovagente\/\" target=\"_blank\" aria-label=\"instagram\" rel=\"noopener nofollow\"><img decoding=\"async\" style=\"display: block; margin-left: auto; margin-right: auto; width: 250px; height: 83px;\" src=\"https:\/\/www.europesays.com\/pt\/wp-content\/uploads\/2025\/11\/Instagram_NG.png\" alt=\"instagram\"\/><\/a><br \/>\n                    <script async src=\"\/\/www.instagram.com\/embed.js\"><\/script><\/p>\n","protected":false},"excerpt":{"rendered":"Luciana Abreu est\u00e1 a caminho da CMTV para apresentar o programa das manh\u00e3s ao lado de Rui Oliveira.&hellip;\n","protected":false},"author":2,"featured_media":151125,"comment_status":"","ping_status":"","sticky":false,"template":"","format":"standard","meta":{"footnotes":""},"categories":[145],"tags":[211,210,12776,114,115,2215,32,33],"class_list":{"0":"post-151124","1":"post","2":"type-post","3":"status-publish","4":"format-standard","5":"has-post-thumbnail","7":"category-celebridades","8":"tag-celebridades","9":"tag-celebrities","10":"tag-daniel-oliveira","11":"tag-entertainment","12":"tag-entretenimento","13":"tag-luciana-abreu","14":"tag-portugal","15":"tag-pt"},"share_on_mastodon":{"url":"https:\/\/pubeurope.com\/@pt\/115544980524075688","error":""},"_links":{"self":[{"href":"https:\/\/www.europesays.com\/pt\/wp-json\/wp\/v2\/posts\/151124","targetHints":{"allow":["GET"]}}],"collection":[{"href":"https:\/\/www.europesays.com\/pt\/wp-json\/wp\/v2\/posts"}],"about":[{"href":"https:\/\/www.europesays.com\/pt\/wp-json\/wp\/v2\/types\/post"}],"author":[{"embeddable":true,"href":"https:\/\/www.europesays.com\/pt\/wp-json\/wp\/v2\/users\/2"}],"replies":[{"embeddable":true,"href":"https:\/\/www.europesays.com\/pt\/wp-json\/wp\/v2\/comments?post=151124"}],"version-history":[{"count":0,"href":"https:\/\/www.europesays.com\/pt\/wp-json\/wp\/v2\/posts\/151124\/revisions"}],"wp:featuredmedia":[{"embeddable":true,"href":"https:\/\/www.europesays.com\/pt\/wp-json\/wp\/v2\/media\/151125"}],"wp:attachment":[{"href":"https:\/\/www.europesays.com\/pt\/wp-json\/wp\/v2\/media?parent=151124"}],"wp:term":[{"taxonomy":"category","embeddable":true,"href":"https:\/\/www.europesays.com\/pt\/wp-json\/wp\/v2\/categories?post=151124"},{"taxonomy":"post_tag","embeddable":true,"href":"https:\/\/www.europesays.com\/pt\/wp-json\/wp\/v2\/tags?post=151124"}],"curies":[{"name":"wp","href":"https:\/\/api.w.org\/{rel}","templated":true}]}}