{"id":151136,"date":"2025-11-13T23:40:23","date_gmt":"2025-11-13T23:40:23","guid":{"rendered":"https:\/\/www.europesays.com\/pt\/151136\/"},"modified":"2025-11-13T23:40:23","modified_gmt":"2025-11-13T23:40:23","slug":"ja-ha-onzes-siga-aqui-o-irlanda-portugal","status":"publish","type":"post","link":"https:\/\/www.europesays.com\/pt\/151136\/","title":{"rendered":"J\u00e1 h\u00e1 onzes! Siga aqui o Irlanda-Portugal"},"content":{"rendered":"<p>O Irlanda-Portugal come\u00e7ou \u00e0s 19:45, no Aviva Stadium, em Dublin, e teve arbitragem do sueco Glenn Nyberg.<\/p>\n<p>Caso tivesse triunfado, Portugal garantiria o primeiro lugar do Grupo F e o apuramento direto para o Mundial2026. <\/p>\n<p>No domingo, na derradeira ronda, a sele\u00e7\u00e3o lusa recebe a Arm\u00e9nia, no Est\u00e1dio do Drag\u00e3o, no Porto, em que n\u00e3o poder\u00e1 contar com Ronaldo, sendo que, em caso de triunfo, assegura o primeiro lugar e o apuramento direto. Um empate ou at\u00e9 uma derrota tamb\u00e9m poder\u00e3o ser suficientes, se h\u00fangaros e irlandeses empatarem no mesmo dia.<\/p>\n<p>Portugal lidera o Grupo F, com 10 pontos, mais dois do que a Hungria, segunda classificada, seguida da Rep\u00fablica da Irlanda, com sete, e da Arm\u00e9nia, com tr\u00eas.<\/p>\n<p>O vencedor do grupo assegura um lugar na fase final do torneio do pr\u00f3ximo ano, nos Estados Unidos, no Canad\u00e1 e no M\u00e9xico (11 de junho a 19 de julho), que, pela primeira vez, vai ter 48 sele\u00e7\u00f5es. J\u00e1 o segundo colocado ter\u00e1 de disputar os play-offs.<\/p>\n","protected":false},"excerpt":{"rendered":"O Irlanda-Portugal come\u00e7ou \u00e0s 19:45, no Aviva Stadium, em Dublin, e teve arbitragem do sueco Glenn Nyberg. Caso&hellip;\n","protected":false},"author":2,"featured_media":151137,"comment_status":"","ping_status":"","sticky":false,"template":"","format":"standard","meta":{"footnotes":""},"categories":[8],"tags":[27,28,15,16,14,25,26,21,22,12632,12,13,19,20,32,23,24,33,25827,4338,17,18,29,30,31],"class_list":{"0":"post-151136","1":"post","2":"type-post","3":"status-publish","4":"format-standard","5":"has-post-thumbnail","7":"category-principais-noticias","8":"tag-breaking-news","9":"tag-breakingnews","10":"tag-featured-news","11":"tag-featurednews","12":"tag-headlines","13":"tag-latest-news","14":"tag-latestnews","15":"tag-main-news","16":"tag-mainnews","17":"tag-mundial-2026","18":"tag-news","19":"tag-noticias","20":"tag-noticias-principais","21":"tag-noticiasprincipais","22":"tag-portugal","23":"tag-principais-noticias","24":"tag-principaisnoticias","25":"tag-pt","26":"tag-republica-da-irlanda","27":"tag-selecao","28":"tag-top-stories","29":"tag-topstories","30":"tag-ultimas","31":"tag-ultimas-noticias","32":"tag-ultimasnoticias"},"share_on_mastodon":{"url":"https:\/\/pubeurope.com\/@pt\/115545035412605108","error":""},"_links":{"self":[{"href":"https:\/\/www.europesays.com\/pt\/wp-json\/wp\/v2\/posts\/151136","targetHints":{"allow":["GET"]}}],"collection":[{"href":"https:\/\/www.europesays.com\/pt\/wp-json\/wp\/v2\/posts"}],"about":[{"href":"https:\/\/www.europesays.com\/pt\/wp-json\/wp\/v2\/types\/post"}],"author":[{"embeddable":true,"href":"https:\/\/www.europesays.com\/pt\/wp-json\/wp\/v2\/users\/2"}],"replies":[{"embeddable":true,"href":"https:\/\/www.europesays.com\/pt\/wp-json\/wp\/v2\/comments?post=151136"}],"version-history":[{"count":0,"href":"https:\/\/www.europesays.com\/pt\/wp-json\/wp\/v2\/posts\/151136\/revisions"}],"wp:featuredmedia":[{"embeddable":true,"href":"https:\/\/www.europesays.com\/pt\/wp-json\/wp\/v2\/media\/151137"}],"wp:attachment":[{"href":"https:\/\/www.europesays.com\/pt\/wp-json\/wp\/v2\/media?parent=151136"}],"wp:term":[{"taxonomy":"category","embeddable":true,"href":"https:\/\/www.europesays.com\/pt\/wp-json\/wp\/v2\/categories?post=151136"},{"taxonomy":"post_tag","embeddable":true,"href":"https:\/\/www.europesays.com\/pt\/wp-json\/wp\/v2\/tags?post=151136"}],"curies":[{"name":"wp","href":"https:\/\/api.w.org\/{rel}","templated":true}]}}