{"id":151138,"date":"2025-11-13T23:46:18","date_gmt":"2025-11-13T23:46:18","guid":{"rendered":"https:\/\/www.europesays.com\/pt\/151138\/"},"modified":"2025-11-13T23:46:18","modified_gmt":"2025-11-13T23:46:18","slug":"david-coverdale-whitesnake-anuncia-sua-aposentadoria-oficialmente","status":"publish","type":"post","link":"https:\/\/www.europesays.com\/pt\/151138\/","title":{"rendered":"David Coverdale (Whitesnake) anuncia sua aposentadoria oficialmente"},"content":{"rendered":"\n<p>Aos 74 anos de idade, <strong><a href=\"https:\/\/igormiranda.com.br\/tag\/david-coverdale\/\" target=\"_blank\" rel=\"noreferrer noopener nofollow\">David Coverdale<\/a><\/strong> confirmou sua aposentadoria. O l\u00edder do <strong\/><strong><a href=\"https:\/\/igormiranda.com.br\/tag\/whitesnake\/\" target=\"_blank\" rel=\"noreferrer noopener nofollow\">Whitesnake<\/a><\/strong> e ex-vocalista do <strong><a href=\"https:\/\/igormiranda.com.br\/tag\/deep-purple\/\" target=\"_blank\" rel=\"noreferrer noopener nofollow\">Deep Purple<\/a><\/strong> j\u00e1 estava afastado dos palcos desde 2022 por motivos de sa\u00fade e finalmente confirmou o que j\u00e1 vinha se desenhando h\u00e1 algum tempo.<\/p>\n<p>\u00ad<\/p>\n<p>&#8211; Advertisement &#8211;<\/p>\n<p><strong>Coverdale <\/strong>publicou um v\u00eddeo com uma mensagem de despedida em seu canal no YouTube. O cantor agradeceu o suporte ao longo de todas as d\u00e9cadas e fez declara\u00e7\u00f5es de amor aos f\u00e3s e pessoas pr\u00f3ximas.<\/p>\n<p>Disse o m\u00fasico (com transcri\u00e7\u00e3o do <a href=\"https:\/\/blabbermouth.net\/news\/whitesnakes-david-coverdale-announces-retirement-its-time-for-me-to-call-it-a-day\" target=\"_blank\" rel=\"noreferrer noopener nofollow\">Blabbermouth<\/a>):<\/p>\n<p>\u201cSenhoras e senhores, meninos e meninas, irm\u00e3os e irm\u00e3s da \u2018cobra\u2019, um an\u00fancio especial para voc\u00eas. Depois de mais de 50 anos de uma jornada incr\u00edvel com voc\u00eas, com o <strong>Deep Purple<\/strong>, com o <strong>Whitesnake<\/strong>, <strong>Jimmy Page<\/strong>, os \u00faltimos anos ficaram evidentes para mim que realmente \u00e9 hora de pendurar meus sapatos de plataforma rock and roll e meu jeans colado. E como voc\u00eas podem ver, n\u00f3s cuidamos da peruca do le\u00e3o. Mas \u00e9 hora, para mim, de encerrar.<\/p>\n<p>Amo muito voc\u00eas. Eu agrade\u00e7o a todos que me ajudaram e apoiaram nessa jornada incr\u00edvel \u2013 todos os m\u00fasicos, a equipe, os f\u00e3s, a fam\u00edlia. \u00c9 incr\u00edvel, mas realmente \u00e9 a minha hora de aproveitar minha aposentadoria. E eu espero que voc\u00eas possam apreciar isso.<\/p>\n<p>Mais uma vez, eu amo voc\u00eas com todo o meu cora\u00e7\u00e3o. Adeus.\u201d<\/p>\n<p>  O fim do Whitesnake <\/p>\n<p>Ao longo dos \u00faltimos anos, <strong>David Coverdale <\/strong>vinha enfrentando problemas respirat\u00f3rios que, somados \u00e0 idade, o impedem de se apresentar em alto n\u00edvel. A banda foi colocada em hiato em 2022, ap\u00f3s um show no <strong>Hellfest<\/strong>, na Fran\u00e7a, e o cancelamento de datas remanescentes de uma turn\u00ea de despedida.<\/p>\n<p>A \u00faltima forma\u00e7\u00e3o do Whitesnake trouxe <strong>Tanya O\u2019Callaghan<\/strong> (baixo, tamb\u00e9m da banda solo de <strong>Bruce Dickinson<\/strong>), <strong>Reb Beach<\/strong> (<strong>Winger<\/strong>) e <strong>Joel Hoekstra<\/strong> (guitarras), <strong>Dino Jelusick<\/strong> e <strong>Michele Luppi<\/strong> (teclados e vocais de apoio) e <strong>Tommy Aldridge<\/strong> (bateria).<\/p>\n<p><strong>Clique<\/strong> para seguir IgorMiranda.com.br no: <a href=\"https:\/\/instagram.com\/igormirandasite\" target=\"_blank\" rel=\"noreferrer noopener nofollow\">Instagram<\/a> | <a href=\"https:\/\/bsky.app\/profile\/igormirandasite.bsky.social\" target=\"_blank\" rel=\"noreferrer noopener nofollow\">Bluesky<\/a> | <a href=\"https:\/\/twitter.com\/igormirandasite\" target=\"_blank\" rel=\"noreferrer noopener nofollow\">Twitter<\/a> | <a href=\"https:\/\/tiktok.com\/@igormirandasite\" target=\"_blank\" rel=\"noreferrer noopener nofollow\">TikTok<\/a> | <a href=\"https:\/\/facebook.com\/igormirandasite\" target=\"_blank\" rel=\"noreferrer noopener nofollow\">Facebook<\/a> | <a href=\"https:\/\/www.youtube.com\/igormirandasite\" target=\"_blank\" rel=\"noreferrer noopener nofollow\">YouTube<\/a> | <a href=\"https:\/\/www.threads.net\/@igormirandasite\" target=\"_blank\" rel=\"noreferrer noopener nofollow\">Threads<\/a>.<\/p>\n<p> <script async src=\"https:\/\/platform.twitter.com\/widgets.js\" charset=\"utf-8\"><\/script><script async src=\"\/\/www.instagram.com\/embed.js\"><\/script><script async src=\"\/\/www.tiktok.com\/embed.js\"><\/script><\/p>\n","protected":false},"excerpt":{"rendered":"Aos 74 anos de idade, David Coverdale confirmou sua aposentadoria. O l\u00edder do Whitesnake e ex-vocalista do Deep&hellip;\n","protected":false},"author":2,"featured_media":151139,"comment_status":"","ping_status":"","sticky":false,"template":"","format":"standard","meta":{"footnotes":""},"categories":[145],"tags":[211,210,32805,114,115,32,33,32806],"class_list":{"0":"post-151138","1":"post","2":"type-post","3":"status-publish","4":"format-standard","5":"has-post-thumbnail","7":"category-celebridades","8":"tag-celebridades","9":"tag-celebrities","10":"tag-david-coverdale","11":"tag-entertainment","12":"tag-entretenimento","13":"tag-portugal","14":"tag-pt","15":"tag-whitesnake"},"share_on_mastodon":{"url":"https:\/\/pubeurope.com\/@pt\/115545059048240206","error":""},"_links":{"self":[{"href":"https:\/\/www.europesays.com\/pt\/wp-json\/wp\/v2\/posts\/151138","targetHints":{"allow":["GET"]}}],"collection":[{"href":"https:\/\/www.europesays.com\/pt\/wp-json\/wp\/v2\/posts"}],"about":[{"href":"https:\/\/www.europesays.com\/pt\/wp-json\/wp\/v2\/types\/post"}],"author":[{"embeddable":true,"href":"https:\/\/www.europesays.com\/pt\/wp-json\/wp\/v2\/users\/2"}],"replies":[{"embeddable":true,"href":"https:\/\/www.europesays.com\/pt\/wp-json\/wp\/v2\/comments?post=151138"}],"version-history":[{"count":0,"href":"https:\/\/www.europesays.com\/pt\/wp-json\/wp\/v2\/posts\/151138\/revisions"}],"wp:featuredmedia":[{"embeddable":true,"href":"https:\/\/www.europesays.com\/pt\/wp-json\/wp\/v2\/media\/151139"}],"wp:attachment":[{"href":"https:\/\/www.europesays.com\/pt\/wp-json\/wp\/v2\/media?parent=151138"}],"wp:term":[{"taxonomy":"category","embeddable":true,"href":"https:\/\/www.europesays.com\/pt\/wp-json\/wp\/v2\/categories?post=151138"},{"taxonomy":"post_tag","embeddable":true,"href":"https:\/\/www.europesays.com\/pt\/wp-json\/wp\/v2\/tags?post=151138"}],"curies":[{"name":"wp","href":"https:\/\/api.w.org\/{rel}","templated":true}]}}