{"id":151143,"date":"2025-11-13T23:50:33","date_gmt":"2025-11-13T23:50:33","guid":{"rendered":"https:\/\/www.europesays.com\/pt\/151143\/"},"modified":"2025-11-13T23:50:33","modified_gmt":"2025-11-13T23:50:33","slug":"bob-esponja-4-ganha-novo-trailer-assista","status":"publish","type":"post","link":"https:\/\/www.europesays.com\/pt\/151143\/","title":{"rendered":"Bob Esponja 4 ganha novo trailer; assista"},"content":{"rendered":"<p>Bob Esponja 4 ganha novo trailer; assista<\/p>\n<p>\n      Filme chega em dezembro deste ano\n    <\/p>\n<p>      <img decoding=\"async\" class=\"reading-time__icon\" src=\"https:\/\/cdn.ome.lt\/static\/omelete25\/img\/clock-icon.svg\" alt=\"Omelete\"\/><\/p>\n<p>\n        1 min de leitura\n      <\/p>\n<p>            <img loading=\"lazy\" decoding=\"async\" class=\"action-buttons__icon\" src=\"https:\/\/cdn.ome.lt\/static\/omelete25\/img\/share-icon.svg\" alt=\"\u00cdcone compartilhamento\" width=\"24\" height=\"24\"\/><\/p>\n<p>        Compartilhar<\/p>\n<p>  <img decoding=\"async\" src=\"https:\/\/cdn.ome.lt\/static\/omelete\/img\/loading.svg\" alt=\"\"\/><\/p>\n<p>  <img decoding=\"async\" class=\"article__cover__image\" data-lazy-src-mob=\"\/\/cdn.ome.lt\/DigzLpqrapklKM3xIlSuGiaGsNk=\/570x0\/smart\/filters:format(webp)\/uploads\/conteudo\/fotos\/OMELETE_CAPA_-_2025-11-13T111828.378.webp\" data-lazy-src=\"https:\/\/cdn.ome.lt\/aCfBHPEphUzf8yLuGGIH3jJkq9g=\/987x0\/smart\/filters:format(webp)\/uploads\/conteudo\/fotos\/OMELETE_CAPA_-_2025-11-13T111828.378.webp\" src=\"data:image\/png;base64,iVBORw0KGgoAAAANSUhEUgAAAAEAAAABCAQAAAC1HAwCAAAAC0lEQVR42mNkYAAAAAYAAjCB0C8AAAAASUVORK5CYII=\" alt=\"Bob Esponja: Em Busca da Cal\u00e7a Quadrada ganha novo trailer; assista\" title=\"None\" width=\"987\" height=\"555\" fetchpriority=\"high\"\/><\/p>\n<p><strong>Bob Esponja: Em Busca da Cal\u00e7a Quadrada<\/strong>,\u00a0novo filme da franquia\u00a0Bob Esponja, acaba de ganhar um novo trailer! Veja a seguir.<\/p>\n<p>            Continua depois da Publicidade<\/p>\n<p data-gtm-vis-first-on-screen67967661_30=\"10430\" data-gtm-vis-has-fired67967661_30=\"1\" data-gtm-vis-total-visible-time67967661_30=\"100\">O filme acompanha o Cal\u00e7a-Quadrada viajando \u00e0s profundezas do oceano e encontrando o aterrorizante fantasma do Holand\u00eas Voador, dublado por\u00a0<strong>Mark Hamil<\/strong>.<\/p>\n<p data-gtm-vis-first-on-screen67967661_30=\"10430\" data-gtm-vis-has-fired67967661_30=\"1\" data-gtm-vis-total-visible-time67967661_30=\"100\">A dire\u00e7\u00e3o \u00e9 de\u00a0<strong>Derek Dymon<\/strong>, que tamb\u00e9m comantou outros filmes da franquia, al\u00e9m de\u00a0<strong>Hotel Transilv\u00e2nia: Transformonstr\u00e3o<\/strong>, e anima\u00e7\u00f5es de sucesso da\u00a0<strong>Nickelodeon<\/strong>\u00a0como\u00a0<strong>Ei Arnold!<\/strong>\u00a0e\u00a0<strong>CatDog<\/strong>.<\/p>\n<p data-gtm-vis-first-on-screen67967661_30=\"10430\" data-gtm-vis-has-fired67967661_30=\"1\" data-gtm-vis-total-visible-time67967661_30=\"100\">O elenco de vozes conta ainda com <strong>Regina Hall\u00a0<\/strong>(Todo Mundo em P\u00e2nico), a cantora\u00a0<strong>Ice Spice<\/strong>, <strong>Sherry Cola\u00a0<\/strong>(Loucas em Apuros),\u00a0<strong>Arturo Castro<\/strong>\u00a0(Lealdade \u00e0 Prova) e o comediante\u00a0<strong>George Lopez<\/strong>, al\u00e9m de <strong>Tom Kenny<\/strong>,\u00a0<strong>Clancy Brown<\/strong>,\u00a0<strong>Rodger Bumpass<\/strong>,\u00a0<strong>Bill Fagerbakke<\/strong>,\u00a0<strong>Carolyn Lawrence<\/strong>\u00a0e <strong>Mr. Lawrence<\/strong>.<\/p>\n<p data-gtm-vis-first-on-screen67967661_30=\"10531\" data-gtm-vis-has-fired67967661_30=\"1\" data-gtm-vis-total-visible-time67967661_30=\"100\">Bob Esponja 4\u00a0chega aos cinemas norte-americanos em 19 de dezembro deste ano. No Brasil, a estreia est\u00e1 programada para o dia 25, em pleno Natal.<\/p>\n<p>          Omelete Recomenda<\/p>\n<p class=\"lgpd__text\">\n      Ao continuar navegando, declaro que estou ciente e concordo com a nossa<br \/>\n      <a class=\"lgpd__link\" href=\"https:\/\/www.omeletecompany.com\/politica-privacidade\" target=\"_blank\" rel=\"nofollow noopener\">Pol\u00edtica de Privacidade<\/a><br \/>\n      bem como manifesto o consentimento quanto ao fornecimento e tratamento dos dados e cookies para as finalidades ali<br \/>\n      constantes.\n    <\/p>\n<p>    Aceitar<\/p>\n","protected":false},"excerpt":{"rendered":"Bob Esponja 4 ganha novo trailer; assista Filme chega em dezembro deste ano 1 min de leitura Compartilhar&hellip;\n","protected":false},"author":2,"featured_media":151144,"comment_status":"","ping_status":"","sticky":false,"template":"","format":"standard","meta":{"footnotes":""},"categories":[140],"tags":[114,115,147,148,146,32,33],"class_list":{"0":"post-151143","1":"post","2":"type-post","3":"status-publish","4":"format-standard","5":"has-post-thumbnail","7":"category-filmes","8":"tag-entertainment","9":"tag-entretenimento","10":"tag-film","11":"tag-filmes","12":"tag-movies","13":"tag-portugal","14":"tag-pt"},"share_on_mastodon":{"url":"https:\/\/pubeurope.com\/@pt\/115545075090442282","error":""},"_links":{"self":[{"href":"https:\/\/www.europesays.com\/pt\/wp-json\/wp\/v2\/posts\/151143","targetHints":{"allow":["GET"]}}],"collection":[{"href":"https:\/\/www.europesays.com\/pt\/wp-json\/wp\/v2\/posts"}],"about":[{"href":"https:\/\/www.europesays.com\/pt\/wp-json\/wp\/v2\/types\/post"}],"author":[{"embeddable":true,"href":"https:\/\/www.europesays.com\/pt\/wp-json\/wp\/v2\/users\/2"}],"replies":[{"embeddable":true,"href":"https:\/\/www.europesays.com\/pt\/wp-json\/wp\/v2\/comments?post=151143"}],"version-history":[{"count":0,"href":"https:\/\/www.europesays.com\/pt\/wp-json\/wp\/v2\/posts\/151143\/revisions"}],"wp:featuredmedia":[{"embeddable":true,"href":"https:\/\/www.europesays.com\/pt\/wp-json\/wp\/v2\/media\/151144"}],"wp:attachment":[{"href":"https:\/\/www.europesays.com\/pt\/wp-json\/wp\/v2\/media?parent=151143"}],"wp:term":[{"taxonomy":"category","embeddable":true,"href":"https:\/\/www.europesays.com\/pt\/wp-json\/wp\/v2\/categories?post=151143"},{"taxonomy":"post_tag","embeddable":true,"href":"https:\/\/www.europesays.com\/pt\/wp-json\/wp\/v2\/tags?post=151143"}],"curies":[{"name":"wp","href":"https:\/\/api.w.org\/{rel}","templated":true}]}}