{"id":151158,"date":"2025-11-14T00:04:15","date_gmt":"2025-11-14T00:04:15","guid":{"rendered":"https:\/\/www.europesays.com\/pt\/151158\/"},"modified":"2025-11-14T00:04:15","modified_gmt":"2025-11-14T00:04:15","slug":"pre-venda-de-five-nights-at-freddys-2-ja-esta-aberta-no-brasil-saiba-como-comprar-ingressos","status":"publish","type":"post","link":"https:\/\/www.europesays.com\/pt\/151158\/","title":{"rendered":"Pr\u00e9-venda de \u2018Five Nights at Freddy\u2019s 2\u2019 j\u00e1 est\u00e1 aberta no Brasil; saiba como comprar ingressos"},"content":{"rendered":"<p>Nesta quinta-feira (13), atendendo a pedidos dos f\u00e3s da franquia, a Universal Pictures Brasil liberou a pr\u00e9-venda de ingressos para \u201c<a href=\"https:\/\/www.ingresso.com\/filme\/five-nights-at-freddys-2\" rel=\"nofollow noopener\" target=\"_blank\">Five Nights at Freddy\u2019s 2<\/a>\u201d, segundo longa da inspirado na ic\u00f4nica s\u00e9rie de videogames. Por meio do site o app da Ingresso.com, j\u00e1 \u00e9 poss\u00edvel <a href=\"https:\/\/www.ingresso.com\/filme\/five-nights-at-freddys-2\" rel=\"nofollow noopener\" target=\"_blank\">garantir o melhor lugar<\/a> para as primeiras sess\u00f5es do filme, que estreia no Brasil em 4 de dezembro deste ano.<\/p>\n<p><a href=\"https:\/\/www.ingresso.com\/filme\/five-nights-at-freddys-2\" rel=\"nofollow noopener\" target=\"_blank\">Comprar ingressos para &#8220;Five Nights at Freddy&#8217;s 2&#8221;<\/a><\/p>\n<p class=\"youtube-media-post\">\n<p>Na trama, ambientada um ano ap\u00f3s o pesadelo vivido no primeiro filme, descobrimos que a hist\u00f3ria sobre o que aconteceu na Freddy Fazbear\u2019s Pizzaria foi distorcida, se tornando uma lenda local sensacionalista e inspirando o primeiro Fazfest da cidade.<\/p>\n<p>Agora, o ex-seguran\u00e7a Mike (Josh Hutcherson) e a policial Vanessa (Elizabeth Lail) escondem a verdade da irm\u00e3 de 11 anos de Mike, Abby (Piper Rubio), sobre o destino de seus amigos animatr\u00f4nicos. Por\u00e9m, quando Abby foge para se reconectar com Freddy, Bonnie, Chica e Foxy, isso desencadeia uma s\u00e9rie assustadora de eventos, revelando segredos sombrios sobre a verdadeira origem da Freddy\u2019s e libertando um horror h\u00e1 muito esquecido.<\/p>\n<p><a href=\"https:\/\/whatsapp.com\/channel\/0029Va58whvFCCoURznPIG0n\" rel=\"nofollow noopener\" target=\"_blank\">Fa\u00e7a parte do canal do Whatsapp da Ingresso.com e fique por dentro de promo\u00e7\u00f5es e das \u00faltimas not\u00edcias sobre o universo do cinema e da cultura pop!<\/a><\/p>\n<p>O elenco de \u201cFive Nights at Freddy\u2019s 2\u201d conta com o retorno de Theodus Crane e Matthew Lillard aos pap\u00e9is de Jeremiah e William Afton. respectivamente. O filme apresenta novos personagens interpretados por Freddy Carter (\u2018Pennyworth\u2019), Wayne Knight (\u2018Jurassic Park\u2019), Mckenna Grace (franquia \u2018Ghostbusters\u2019) e o \u00edcone do terror Skeet Ulrich (\u2018P\u00e2nico\u2019).<\/p>\n<p>\u201cFive Nights at Freddy\u2019s 2\u201d \u00e9 dirigido por Emma Tammi, que retorna \u00e0 franquia, e escrito por Scott Cawthon, criador da s\u00e9rie de jogos.<\/p>\n<p>Trazendo Freddy, Bonnie, Chica e Foxy de volta \u00e0 Freddy&#8217;s Fazbear Pizzeria, o primeiro longa, lan\u00e7ado em 2023, atingiu enorme sucesso ao arrecadar mais de US$ 290 milh\u00f5es globalmente \u2013 a maior bilheteria da hist\u00f3ria da produtora Blumhouse. <\/p>\n","protected":false},"excerpt":{"rendered":"Nesta quinta-feira (13), atendendo a pedidos dos f\u00e3s da franquia, a Universal Pictures Brasil liberou a pr\u00e9-venda de&hellip;\n","protected":false},"author":2,"featured_media":151159,"comment_status":"","ping_status":"","sticky":false,"template":"","format":"standard","meta":{"footnotes":""},"categories":[140],"tags":[114,115,147,148,146,32,33],"class_list":{"0":"post-151158","1":"post","2":"type-post","3":"status-publish","4":"format-standard","5":"has-post-thumbnail","7":"category-filmes","8":"tag-entertainment","9":"tag-entretenimento","10":"tag-film","11":"tag-filmes","12":"tag-movies","13":"tag-portugal","14":"tag-pt"},"share_on_mastodon":{"url":"https:\/\/pubeurope.com\/@pt\/115545129906495149","error":""},"_links":{"self":[{"href":"https:\/\/www.europesays.com\/pt\/wp-json\/wp\/v2\/posts\/151158","targetHints":{"allow":["GET"]}}],"collection":[{"href":"https:\/\/www.europesays.com\/pt\/wp-json\/wp\/v2\/posts"}],"about":[{"href":"https:\/\/www.europesays.com\/pt\/wp-json\/wp\/v2\/types\/post"}],"author":[{"embeddable":true,"href":"https:\/\/www.europesays.com\/pt\/wp-json\/wp\/v2\/users\/2"}],"replies":[{"embeddable":true,"href":"https:\/\/www.europesays.com\/pt\/wp-json\/wp\/v2\/comments?post=151158"}],"version-history":[{"count":0,"href":"https:\/\/www.europesays.com\/pt\/wp-json\/wp\/v2\/posts\/151158\/revisions"}],"wp:featuredmedia":[{"embeddable":true,"href":"https:\/\/www.europesays.com\/pt\/wp-json\/wp\/v2\/media\/151159"}],"wp:attachment":[{"href":"https:\/\/www.europesays.com\/pt\/wp-json\/wp\/v2\/media?parent=151158"}],"wp:term":[{"taxonomy":"category","embeddable":true,"href":"https:\/\/www.europesays.com\/pt\/wp-json\/wp\/v2\/categories?post=151158"},{"taxonomy":"post_tag","embeddable":true,"href":"https:\/\/www.europesays.com\/pt\/wp-json\/wp\/v2\/tags?post=151158"}],"curies":[{"name":"wp","href":"https:\/\/api.w.org\/{rel}","templated":true}]}}