{"id":151164,"date":"2025-11-14T00:11:08","date_gmt":"2025-11-14T00:11:08","guid":{"rendered":"https:\/\/www.europesays.com\/pt\/151164\/"},"modified":"2025-11-14T00:11:08","modified_gmt":"2025-11-14T00:11:08","slug":"marcelo-vai-ser-professor-na-california-depois-de-deixar-a-presidencia-da-republica-presidente-da-republica","status":"publish","type":"post","link":"https:\/\/www.europesays.com\/pt\/151164\/","title":{"rendered":"Marcelo vai ser professor na Calif\u00f3rnia depois de deixar a Presid\u00eancia da Rep\u00fablica | Presidente da Rep\u00fablica"},"content":{"rendered":"<p>Marcelo Rebelo de Sousa anunciou esta quinta-feira que, ap\u00f3s deixar o cargo de <a href=\"https:\/\/www.publico.pt\/2025\/09\/09\/politica\/noticia\/marcelo-entra-ultimo-semestre-mandato-perde-dissolver-assembleia-2146487\" target=\"_blank\" rel=\"nofollow noopener\">Presidente da Rep\u00fablica<\/a>, tenciona ser professor convidado numa universidade da Calif\u00f3rnia, nos Estados Unidos, e aproveitar para assistir aos Jogos Ol\u00edmpicos de 2028 em Los Angeles.<\/p>\n<p>O chefe de Estado, que falava durante um encontro do Comit\u00e9 Ol\u00edmpico de Portugal, em que condecorou atletas medalhados, referiu que em 2028 ser\u00e1 &#8220;um homem livre&#8221; e poder\u00e1 viver a experi\u00eancia dos Jogos Ol\u00edmpicos de outra maneira.<\/p>\n<p>&#8220;Vou ser professor convidado na Calif\u00f3rnia e, portanto, junta-se o \u00fatil ao agrad\u00e1vel, que \u00e9 estar l\u00e1 a ensinar, convidado, no ano de 2028 e, como imaginam, \u00e9 uma condi\u00e7\u00e3o \u00fanica e privilegiada para, com mais tempo, ver mais modalidades e acompanhar mais ainda os triunfos dos nossos atletas&#8221;, declarou.<\/p>\n<p>No seu discurso, <a href=\"https:\/\/www.publico.pt\/marcelo-rebelo-de-sousa\" target=\"_blank\" rel=\"nofollow noopener\">Marcelo Rebelo de Sousa<\/a> considerou que os Jogos Ol\u00edmpicos de 2028 s\u00e3o &#8220;uma aposta&#8221; do Governo PSD\/CDS-PP e manifestou a expectativa de que quem lhe suceder na chefia do Estado, a partir de 9 de Mar\u00e7o do pr\u00f3ximo ano, assistir\u00e1 a &#8220;um salto enorme na presen\u00e7a ol\u00edmpica&#8221; de Portugal.<\/p>\n<p>O chefe de Estado referiu que tem falado deste assunto com o primeiro-ministro nas reuni\u00f5es semanais e apontou &#8220;o entusiasmo&#8221; de Lu\u00eds Montenegro com &#8220;a aposta nos <a href=\"https:\/\/www.publico.pt\/2024\/09\/11\/desporto\/noticia\/governo-quer-crescer-acima-20-verbas-jogos-los-angeles2028-2103828\" target=\"_blank\" rel=\"nofollow noopener\">Jogos Ol\u00edmpicos de 2028<\/a>&#8221; como o sinal &#8220;mais forte&#8221; de que &#8220;quer durar no m\u00ednimo quatro anos&#8221;.<\/p>\n<p>&#8220;Uma aposta, n\u00e3o podemos dizer que \u00e9 a primeira nem que \u00e9 a \u00fanica, outros governos a tiveram, para sermos justos. Mas o que \u00e9 facto \u00e9 que \u00e9 uma aposta importante, num momento em que o pa\u00eds disp\u00f5e de fundos de que n\u00e3o dispunha no passado&#8221;, acrescentou.<\/p>\n<p>Segundo o Presidente da Rep\u00fablica, o executivo pretende aproveitar esses fundos para, &#8220;nas infra-estruturas, nas condi\u00e7\u00f5es proporcionadas aos atletas, no est\u00edmulo das federa\u00e7\u00f5es essenciais, no apoio aos clubes, haver passos significativos, muito significativos para 2028&#8221;.<\/p>\n","protected":false},"excerpt":{"rendered":"Marcelo Rebelo de Sousa anunciou esta quinta-feira que, ap\u00f3s deixar o cargo de Presidente da Rep\u00fablica, tenciona ser&hellip;\n","protected":false},"author":2,"featured_media":151165,"comment_status":"","ping_status":"","sticky":false,"template":"","format":"standard","meta":{"footnotes":""},"categories":[10],"tags":[995,27,28,8662,235,15,16,14,32807,25,26,21,22,588,12,13,19,20,52,32,1963,23,24,33,17,18,29,30,31],"class_list":{"0":"post-151164","1":"post","2":"type-post","3":"status-publish","4":"format-standard","5":"has-post-thumbnail","7":"category-portugal","8":"tag-abre-conteudo","9":"tag-breaking-news","10":"tag-breakingnews","11":"tag-california","12":"tag-estados-unidos","13":"tag-featured-news","14":"tag-featurednews","15":"tag-headlines","16":"tag-jogos-olimpicos","17":"tag-latest-news","18":"tag-latestnews","19":"tag-main-news","20":"tag-mainnews","21":"tag-marcelo-rebelo-de-sousa","22":"tag-news","23":"tag-noticias","24":"tag-noticias-principais","25":"tag-noticiasprincipais","26":"tag-politica","27":"tag-portugal","28":"tag-presidente-da-republica","29":"tag-principais-noticias","30":"tag-principaisnoticias","31":"tag-pt","32":"tag-top-stories","33":"tag-topstories","34":"tag-ultimas","35":"tag-ultimas-noticias","36":"tag-ultimasnoticias"},"share_on_mastodon":{"url":"","error":"Validation failed: Text character limit of 500 exceeded"},"_links":{"self":[{"href":"https:\/\/www.europesays.com\/pt\/wp-json\/wp\/v2\/posts\/151164","targetHints":{"allow":["GET"]}}],"collection":[{"href":"https:\/\/www.europesays.com\/pt\/wp-json\/wp\/v2\/posts"}],"about":[{"href":"https:\/\/www.europesays.com\/pt\/wp-json\/wp\/v2\/types\/post"}],"author":[{"embeddable":true,"href":"https:\/\/www.europesays.com\/pt\/wp-json\/wp\/v2\/users\/2"}],"replies":[{"embeddable":true,"href":"https:\/\/www.europesays.com\/pt\/wp-json\/wp\/v2\/comments?post=151164"}],"version-history":[{"count":0,"href":"https:\/\/www.europesays.com\/pt\/wp-json\/wp\/v2\/posts\/151164\/revisions"}],"wp:featuredmedia":[{"embeddable":true,"href":"https:\/\/www.europesays.com\/pt\/wp-json\/wp\/v2\/media\/151165"}],"wp:attachment":[{"href":"https:\/\/www.europesays.com\/pt\/wp-json\/wp\/v2\/media?parent=151164"}],"wp:term":[{"taxonomy":"category","embeddable":true,"href":"https:\/\/www.europesays.com\/pt\/wp-json\/wp\/v2\/categories?post=151164"},{"taxonomy":"post_tag","embeddable":true,"href":"https:\/\/www.europesays.com\/pt\/wp-json\/wp\/v2\/tags?post=151164"}],"curies":[{"name":"wp","href":"https:\/\/api.w.org\/{rel}","templated":true}]}}