{"id":151166,"date":"2025-11-14T00:12:27","date_gmt":"2025-11-14T00:12:27","guid":{"rendered":"https:\/\/www.europesays.com\/pt\/151166\/"},"modified":"2025-11-14T00:12:27","modified_gmt":"2025-11-14T00:12:27","slug":"estudantes-estao-a-levar-moradores-de-paranhos-ao-desespero","status":"publish","type":"post","link":"https:\/\/www.europesays.com\/pt\/151166\/","title":{"rendered":"Estudantes est\u00e3o a levar moradores de Paranhos ao desespero"},"content":{"rendered":"<p>Um grupo de estudantes estrangeiros da Universidade Fernando Pessoa, residentes em v\u00e1rios apartamentos da freguesia de Paranhos, no Porto, tem feito a vida dos moradores &#8220;num inferno&#8221;. Barulho constante, arremesso de beatas para zonas comuns, lixo e urina nas portas, cerim\u00f3nias religiosas ruidosas, juntando dezenas de pessoas em apartamentos, s\u00e3o algumas das queixas de quem mora nos pr\u00e9dios onde os alunos est\u00e3o alojados. Os residentes asseguram que a situa\u00e7\u00e3o arrasta-se desde 2023 e j\u00e1 foi lan\u00e7ada uma peti\u00e7\u00e3o, que j\u00e1 conta com mais de 500 assinaturas.<\/p>\n","protected":false},"excerpt":{"rendered":"Um grupo de estudantes estrangeiros da Universidade Fernando Pessoa, residentes em v\u00e1rios apartamentos da freguesia de Paranhos, no&hellip;\n","protected":false},"author":2,"featured_media":151167,"comment_status":"","ping_status":"","sticky":false,"template":"","format":"standard","meta":{"footnotes":""},"categories":[8],"tags":[27,28,20018,3665,15,16,14,25,26,21,22,12,13,19,20,32808,32,23,24,33,28952,17,18,29,30,31],"class_list":{"0":"post-151166","1":"post","2":"type-post","3":"status-publish","4":"format-standard","5":"has-post-thumbnail","7":"category-principais-noticias","8":"tag-breaking-news","9":"tag-breakingnews","10":"tag-concelho-porto","11":"tag-estudantes","12":"tag-featured-news","13":"tag-featurednews","14":"tag-headlines","15":"tag-latest-news","16":"tag-latestnews","17":"tag-main-news","18":"tag-mainnews","19":"tag-news","20":"tag-noticias","21":"tag-noticias-principais","22":"tag-noticiasprincipais","23":"tag-paranhos","24":"tag-portugal","25":"tag-principais-noticias","26":"tag-principaisnoticias","27":"tag-pt","28":"tag-queixas","29":"tag-top-stories","30":"tag-topstories","31":"tag-ultimas","32":"tag-ultimas-noticias","33":"tag-ultimasnoticias"},"share_on_mastodon":{"url":"https:\/\/pubeurope.com\/@pt\/115545161496367083","error":""},"_links":{"self":[{"href":"https:\/\/www.europesays.com\/pt\/wp-json\/wp\/v2\/posts\/151166","targetHints":{"allow":["GET"]}}],"collection":[{"href":"https:\/\/www.europesays.com\/pt\/wp-json\/wp\/v2\/posts"}],"about":[{"href":"https:\/\/www.europesays.com\/pt\/wp-json\/wp\/v2\/types\/post"}],"author":[{"embeddable":true,"href":"https:\/\/www.europesays.com\/pt\/wp-json\/wp\/v2\/users\/2"}],"replies":[{"embeddable":true,"href":"https:\/\/www.europesays.com\/pt\/wp-json\/wp\/v2\/comments?post=151166"}],"version-history":[{"count":0,"href":"https:\/\/www.europesays.com\/pt\/wp-json\/wp\/v2\/posts\/151166\/revisions"}],"wp:featuredmedia":[{"embeddable":true,"href":"https:\/\/www.europesays.com\/pt\/wp-json\/wp\/v2\/media\/151167"}],"wp:attachment":[{"href":"https:\/\/www.europesays.com\/pt\/wp-json\/wp\/v2\/media?parent=151166"}],"wp:term":[{"taxonomy":"category","embeddable":true,"href":"https:\/\/www.europesays.com\/pt\/wp-json\/wp\/v2\/categories?post=151166"},{"taxonomy":"post_tag","embeddable":true,"href":"https:\/\/www.europesays.com\/pt\/wp-json\/wp\/v2\/tags?post=151166"}],"curies":[{"name":"wp","href":"https:\/\/api.w.org\/{rel}","templated":true}]}}