{"id":151170,"date":"2025-11-14T00:16:11","date_gmt":"2025-11-14T00:16:11","guid":{"rendered":"https:\/\/www.europesays.com\/pt\/151170\/"},"modified":"2025-11-14T00:16:11","modified_gmt":"2025-11-14T00:16:11","slug":"novos-detalhes-sobre-a-casa-de-sonho-de-liliana-filipa-e-daniel-gregorio-indicam-possivel-separacao-secret-story","status":"publish","type":"post","link":"https:\/\/www.europesays.com\/pt\/151170\/","title":{"rendered":"Novos detalhes sobre a casa de sonho de Liliana Filipa e Daniel Greg\u00f3rio indicam poss\u00edvel separa\u00e7\u00e3o &#8211; Secret Story"},"content":{"rendered":"<p><strong>A alegada trai\u00e7\u00e3o de <a href=\"https:\/\/tvi.iol.pt\/secretstory\/daniel-gregorio\/liliana-filipa\/afinal-quem-e-a-mulher-com-quem-daniel-gregorio-tera-traido-liliana-filipa-identidade-revelada-gostam\" rel=\"nofollow noopener\" target=\"_blank\">Daniel Greg\u00f3rio a Liliana Filipa \u00e9 o tema do momento<\/a><\/strong><a href=\"https:\/\/tvi.iol.pt\/secretstory\/daniel-gregorio\/liliana-filipa\/afinal-quem-e-a-mulher-com-quem-daniel-gregorio-tera-traido-liliana-filipa-identidade-revelada-gostam\" rel=\"nofollow noopener\" target=\"_blank\"> <\/a>e voltou a des escrutinado no programa V+ Fama desta quinta-feira, 13 de novembro. Foram revelados detalhes bomb\u00e1sticos sobre a casa que os dois estavam a construir, e que podem ser indicadores de que a separa\u00e7\u00e3o est\u00e1 iminente.\u00a0<\/p>\n<p><strong>Ant\u00f3nio Leal e Silva <\/strong>contou que a casa est\u00e1 \u00e0 venda, apesar de ainda n\u00e3o estar conclu\u00edda. \u00abA constru\u00e7\u00e3o tinha a ver com a parte da fam\u00edlia dela, alegadamente. O av\u00f4 constr\u00f3i e estava a construir a casa. E a casa, antes de estar conclu\u00edda, j\u00e1 estava \u00e0 venda. Por isso,<strong> j\u00e1 estava \u00e0 venda antes de eles a terem ocupado,<\/strong> ou de estarem a construir, ou antes de terem feito seja l\u00e1 o que fosse\u00bb, disse.<\/p>\n<p><strong>Adriano Silva Martins<\/strong> esclareceu: \u00ab<strong>A casa de sonho que ontem a Liliana nos apresentou no v\u00eddeo, j\u00e1 est\u00e1 \u00e0 venda<\/strong>. O que pode ser indicador tamb\u00e9m. Pode ser indicador de que querem fazer dinheiro. Agora, tamb\u00e9m pode ser indicador de que realmente o casal n\u00e3o est\u00e1 num bom momento e prefere vender aquilo que tem em comum\u00bb.\u00a0<\/p>\n<p>\u00ab<strong>Acho que este casal est\u00e1 a atravessar uma fase menos simp\u00e1tica<\/strong> e esperemos que consigam ultrapassar\u00bb, adiantou Ant\u00f3nio Leal e Silva.<\/p>\n<p><strong>Veja ainda:\u00a0<a href=\"https:\/\/tvi.iol.pt\/secretstory\/liliana-filipa\/daniel-gregorio\/milhoes-de-euros-em-jogo-possivel-separacao-de-liliana-filipa-e-daniel-gregorio-podera-trazer-problemas\" rel=\"nofollow noopener\" target=\"_blank\">\u00abMilh\u00f5es de euros em jogo\u00bb: Poss\u00edvel separa\u00e7\u00e3o de Liliana Filipa e Daniel Greg\u00f3rio poder\u00e1 trazer problemas &#8211; Secret Story &#8211; TVI<\/a><\/strong><\/p>\n","protected":false},"excerpt":{"rendered":"A alegada trai\u00e7\u00e3o de Daniel Greg\u00f3rio a Liliana Filipa \u00e9 o tema do momento e voltou a des&hellip;\n","protected":false},"author":2,"featured_media":151171,"comment_status":"","ping_status":"","sticky":false,"template":"","format":"standard","meta":{"footnotes":""},"categories":[142],"tags":[18706,9679,114,115,18705,3436,32,33,151,18704],"class_list":{"0":"post-151170","1":"post","2":"type-post","3":"status-publish","4":"format-standard","5":"has-post-thumbnail","7":"category-tv","8":"tag-bastidores-secret-story","9":"tag-daniel-gregorio","10":"tag-entertainment","11":"tag-entretenimento","12":"tag-entrevistas-concorrentes-tvi","13":"tag-liliana-filipa","14":"tag-portugal","15":"tag-pt","16":"tag-tv","17":"tag-vida-fora-da-casa"},"share_on_mastodon":{"url":"https:\/\/pubeurope.com\/@pt\/115545177114160486","error":""},"_links":{"self":[{"href":"https:\/\/www.europesays.com\/pt\/wp-json\/wp\/v2\/posts\/151170","targetHints":{"allow":["GET"]}}],"collection":[{"href":"https:\/\/www.europesays.com\/pt\/wp-json\/wp\/v2\/posts"}],"about":[{"href":"https:\/\/www.europesays.com\/pt\/wp-json\/wp\/v2\/types\/post"}],"author":[{"embeddable":true,"href":"https:\/\/www.europesays.com\/pt\/wp-json\/wp\/v2\/users\/2"}],"replies":[{"embeddable":true,"href":"https:\/\/www.europesays.com\/pt\/wp-json\/wp\/v2\/comments?post=151170"}],"version-history":[{"count":0,"href":"https:\/\/www.europesays.com\/pt\/wp-json\/wp\/v2\/posts\/151170\/revisions"}],"wp:featuredmedia":[{"embeddable":true,"href":"https:\/\/www.europesays.com\/pt\/wp-json\/wp\/v2\/media\/151171"}],"wp:attachment":[{"href":"https:\/\/www.europesays.com\/pt\/wp-json\/wp\/v2\/media?parent=151170"}],"wp:term":[{"taxonomy":"category","embeddable":true,"href":"https:\/\/www.europesays.com\/pt\/wp-json\/wp\/v2\/categories?post=151170"},{"taxonomy":"post_tag","embeddable":true,"href":"https:\/\/www.europesays.com\/pt\/wp-json\/wp\/v2\/tags?post=151170"}],"curies":[{"name":"wp","href":"https:\/\/api.w.org\/{rel}","templated":true}]}}