{"id":151173,"date":"2025-11-14T00:18:12","date_gmt":"2025-11-14T00:18:12","guid":{"rendered":"https:\/\/www.europesays.com\/pt\/151173\/"},"modified":"2025-11-14T00:18:12","modified_gmt":"2025-11-14T00:18:12","slug":"vilao-do-filme-e-revelado","status":"publish","type":"post","link":"https:\/\/www.europesays.com\/pt\/151173\/","title":{"rendered":"Vil\u00e3o do filme \u00e9 revelado"},"content":{"rendered":"<p>Superman\u00a0e Lex Luthor far\u00e3o uma alian\u00e7a in\u00e9dita para enfrentar o vil\u00e3o Brainiac em\u00a0Homem do Amanh\u00e3, a sequ\u00eancia de Superman (2025), segundo informa\u00e7\u00f5es exclusivas do TheWrap. A produ\u00e7\u00e3o do longa est\u00e1 programada para come\u00e7ar em abril, em Atlanta, com lan\u00e7amento previsto para 9 de julho de 2027.<\/p>\n<p>Desde o an\u00fancio do filme, f\u00e3s j\u00e1 especulavam que Brainiac poderia ser o grande antagonista \u2013 e agora a suspeita se confirma.<\/p>\n<p>Brainiac \u00e9 um dos vil\u00f5es mais ic\u00f4nicos e temidos da DC Comics, frequentemente apresentado como uma das maiores amea\u00e7as ao Superman. Retratado como um ser cibern\u00e9tico ou um androide alien\u00edgena de intelig\u00eancia superior, ele possui a sinistra obsess\u00e3o de catalogar civiliza\u00e7\u00f5es inteiras \u2013 um h\u00e1bito que o levou a miniaturizar cidades e preserv\u00e1-las em garrafas como \u201ctrof\u00e9us\u201d, incluindo a famosa Kandor, de Krypton.<\/p>\n<p>Criado por Otto Binder e Al Plastino, o personagem fez sua estreia em 1958 e, desde ent\u00e3o, se tornou pe\u00e7a central em algumas das hist\u00f3rias mais impactantes do Homem de A\u00e7o.<\/p>\n<p><img loading=\"lazy\" data-dominant-color=\"273f41\" data-has-transparency=\"false\" style=\"--dominant-color: #273f41;\" decoding=\"async\" width=\"1024\" height=\"576\" src=\"https:\/\/www.europesays.com\/pt\/wp-content\/uploads\/2025\/11\/superman-5-11-1-1024x576.png\" alt=\"\" class=\"wp-image-1026079 not-transparent\"  \/><\/p>\n<p>Tudo sobre Homem do Amanh\u00e3<\/p>\n<p>As filmagens principais est\u00e3o programadas para come\u00e7ar na primavera de 2026. Corenswet reprisar\u00e1 o papel de Superman na sequ\u00eancia ao lado de Lex Luthor (Nicholas Hoult), j\u00e1 que a dupla se unir\u00e1 contra esse novo inimigo. Lembrando que outro grande detalhe que temos \u00e9 um pequeno vislumbre da sinopse:<\/p>\n<blockquote class=\"wp-block-quote is-layout-flow wp-block-quote-is-layout-flow\">\n<p>James Gunn: \u00c9 uma hist\u00f3ria sobre Lex Luthor e Superman tendo que trabalhar juntos at\u00e9 certo ponto contra uma amea\u00e7a muito, muito maior. \u00c9 mais complicado do que isso, mas \u00e9 uma grande parte. \u00c9 tanto um filme do Lex quanto do Superman. Adorei trabalhar com Nicholas Hoult. Eu me identifico com o personagem Lex, infelizmente. Eu realmente queria criar algo extraordin\u00e1rio com os dois. Eu simplesmente adoro o roteiro.<\/p>\n<\/blockquote>\n<p>Superman: Homem do Amanh\u00e3 estreia em 9 de julho de 2027 nos cinemas. O primeiro filme est\u00e1 dispon\u00edvel na HBO Max.<\/p>\n<p>O post <a rel=\"nofollow noopener\" href=\"https:\/\/observatoriodocinema.com.br\/studio\/dc\/superman-homem-do-amanha-vilao-do-filme-e-revelado\/\" target=\"_blank\">Superman: Homem do Amanh\u00e3: Vil\u00e3o do filme \u00e9 revelado<\/a> apareceu primeiro em <a rel=\"nofollow noopener\" href=\"https:\/\/observatoriodocinema.com.br\" target=\"_blank\">Observat\u00f3rio do Cinema<\/a>.<\/p>\n","protected":false},"excerpt":{"rendered":"Superman\u00a0e Lex Luthor far\u00e3o uma alian\u00e7a in\u00e9dita para enfrentar o vil\u00e3o Brainiac em\u00a0Homem do Amanh\u00e3, a sequ\u00eancia de&hellip;\n","protected":false},"author":2,"featured_media":151174,"comment_status":"","ping_status":"","sticky":false,"template":"","format":"standard","meta":{"footnotes":""},"categories":[140],"tags":[114,115,147,148,146,32,33],"class_list":{"0":"post-151173","1":"post","2":"type-post","3":"status-publish","4":"format-standard","5":"has-post-thumbnail","7":"category-filmes","8":"tag-entertainment","9":"tag-entretenimento","10":"tag-film","11":"tag-filmes","12":"tag-movies","13":"tag-portugal","14":"tag-pt"},"share_on_mastodon":{"url":"https:\/\/pubeurope.com\/@pt\/115545185190825374","error":""},"_links":{"self":[{"href":"https:\/\/www.europesays.com\/pt\/wp-json\/wp\/v2\/posts\/151173","targetHints":{"allow":["GET"]}}],"collection":[{"href":"https:\/\/www.europesays.com\/pt\/wp-json\/wp\/v2\/posts"}],"about":[{"href":"https:\/\/www.europesays.com\/pt\/wp-json\/wp\/v2\/types\/post"}],"author":[{"embeddable":true,"href":"https:\/\/www.europesays.com\/pt\/wp-json\/wp\/v2\/users\/2"}],"replies":[{"embeddable":true,"href":"https:\/\/www.europesays.com\/pt\/wp-json\/wp\/v2\/comments?post=151173"}],"version-history":[{"count":0,"href":"https:\/\/www.europesays.com\/pt\/wp-json\/wp\/v2\/posts\/151173\/revisions"}],"wp:featuredmedia":[{"embeddable":true,"href":"https:\/\/www.europesays.com\/pt\/wp-json\/wp\/v2\/media\/151174"}],"wp:attachment":[{"href":"https:\/\/www.europesays.com\/pt\/wp-json\/wp\/v2\/media?parent=151173"}],"wp:term":[{"taxonomy":"category","embeddable":true,"href":"https:\/\/www.europesays.com\/pt\/wp-json\/wp\/v2\/categories?post=151173"},{"taxonomy":"post_tag","embeddable":true,"href":"https:\/\/www.europesays.com\/pt\/wp-json\/wp\/v2\/tags?post=151173"}],"curies":[{"name":"wp","href":"https:\/\/api.w.org\/{rel}","templated":true}]}}