{"id":151176,"date":"2025-11-14T00:27:22","date_gmt":"2025-11-14T00:27:22","guid":{"rendered":"https:\/\/www.europesays.com\/pt\/151176\/"},"modified":"2025-11-14T00:27:22","modified_gmt":"2025-11-14T00:27:22","slug":"catarina-siqueira-faz-partilha-nas-redes-sociais-sobre-o-estado-de-saude-da-filha-novelas","status":"publish","type":"post","link":"https:\/\/www.europesays.com\/pt\/151176\/","title":{"rendered":"Catarina Siqueira faz partilha nas redes sociais sobre o estado de sa\u00fade da filha &#8211; Novelas"},"content":{"rendered":"<p data-end=\"512\" data-start=\"240\"><strong>Catarina Siqueira <\/strong>revelou nas redes sociais que a filha,\u00a0<strong data-end=\"1503\" data-start=\"1496\">Luz<\/strong>, de nove anos, est\u00e1 a enfrentar uma virose. A atriz, que participou no <strong>Big Brother Famosos<\/strong> e integrou algumas produ\u00e7\u00f5es da TVI, usou o humor para descrever a situa\u00e7\u00e3o num conjunto de stories partilhadas no Instagram.<\/p>\n<p data-end=\"767\" data-start=\"514\"><strong>\u00abO bar da praia estava t\u00e3o bom ontem que no fim a conta deu virose. Que bom\u00bb<\/strong>, escreveu, mostrando uma fotografia da filha. Numa publica\u00e7\u00e3o seguinte, acrescentou: \u00abAlguidar, Brufen, Term\u00f3metro, Ice Tea\u00bb, revelando que a menina est\u00e1 a recuperar em casa.<\/p>\n<p data-end=\"929\" data-is-last-node=\"\" data-is-only-node=\"\" data-start=\"769\">A partilha rapidamente gerou rea\u00e7\u00f5es de apoio por parte dos seguidores, que deixaram mensagens de carinho e votos de melhoras para a filha de Catarina Siqueira.<\/p>\n<p> Vejas as fotografias: <\/p>\n<p data-end=\"929\" data-is-last-node=\"\" data-is-only-node=\"\" data-start=\"769\"><img loading=\"lazy\" decoding=\"async\" alt=\"\" height=\"886\" src=\"https:\/\/www.europesays.com\/pt\/wp-content\/uploads\/2025\/11\/6915f4bbd34e2bd5c6d3f6a1.webp\" width=\"500\"\/><\/p>\n<p data-end=\"929\" data-is-last-node=\"\" data-is-only-node=\"\" data-start=\"769\"><img loading=\"lazy\" decoding=\"async\" alt=\"\" height=\"887\" src=\"https:\/\/www.europesays.com\/pt\/wp-content\/uploads\/2025\/11\/6915f4bad34e2bd5c6d3f69f.webp\" width=\"500\"\/><\/p>\n<p data-end=\"929\" data-is-last-node=\"\" data-is-only-node=\"\" data-start=\"769\">\u00a0<\/p>\n<p data-end=\"929\" data-is-last-node=\"\" data-is-only-node=\"\" data-start=\"769\">Recorde que, na <strong data-end=\"127\" data-start=\"84\">reta final da gravidez do segundo filho<\/strong>,<a href=\"https:\/\/tvi.iol.pt\/novelas\/catarina-siqueira\/atriz\/como-e-que-estarias-hoje-catarina-siqueira-deixa-mensagem-comovente-sobre-tragedia-familiar\" rel=\"nofollow noopener\" target=\"_blank\"> <strong data-end=\"150\" data-start=\"129\">Catarina Siqueira<\/strong><\/a> partilhou um desabafo honesto e emotivo sobre o momento que est\u00e1 a viver. A atriz, que aguarda a chegada de um <strong data-end=\"272\" data-start=\"262\">menino<\/strong>, fruto da rela\u00e7\u00e3o com <strong data-end=\"316\" data-start=\"295\">Henrique Carvalho<\/strong>, admitiu estar <strong data-end=\"343\" data-start=\"332\">exausta<\/strong> e a lidar com <strong data-end=\"395\" data-start=\"358\">dificuldades f\u00edsicas e emocionais<\/strong> nesta fase da gesta\u00e7\u00e3o.<\/p>\n<p data-end=\"671\" data-start=\"423\">Na <strong data-end=\"456\" data-start=\"426\">ter\u00e7a-feira, 28 de outubro<\/strong>, ao dirigir-se ao hospital para realizar <strong data-end=\"533\" data-start=\"498\">as \u00faltimas an\u00e1lises da gravidez<\/strong>, Catarina recorreu ao Instagram para expressar o que sente. Num testemunho marcado pela franqueza e vulnerabilidade, a atriz confessou: \u201cJ\u00e1 estou farta. Posso estar farta, ou v\u00e3o cair-me todos em cima?\u201d<\/p>\n<p data-end=\"798\" data-start=\"744\">Catarina aprofundou o desabafo, dizendo: \u201c<strong data-end=\"872\" data-start=\"802\">Estou farta. Estou farta do meu corpo. Estou farta desta gravidez.<\/strong> Ai, mas devias era estar agradecida, \u00e9 a altura mais bonita da tua vida. Ai, porque \u00e9 que n\u00e3o tens fotografias gr\u00e1vida? Porque \u00e9 que n\u00e3o te mostras gr\u00e1vida? Porque n\u00e3o gosto. Posso, d\u00e1 para ser eu a escolher? <strong data-end=\"1123\" data-start=\"1082\">Posso n\u00e3o me sentir super empoderada?<\/strong>\u201d<\/p>\n<p data-end=\"1473\" data-start=\"1128\">A atriz explicou ainda que sente a sua <strong data-end=\"1203\" data-start=\"1167\">mobilidade bastante condicionada<\/strong>, o que tem contribu\u00eddo para o cansa\u00e7o e o desconforto f\u00edsico. Apesar do tom de desabafo, Catarina Siqueira deixou claro que o sentimento n\u00e3o diminui o amor pelo beb\u00e9 que est\u00e1 prestes a nascer, apenas reflete <strong data-end=\"1470\" data-start=\"1412\">a exaust\u00e3o natural de uma fase exigente da maternidade<\/strong>.<\/p>\n<p data-end=\"1473\" data-start=\"1128\">Com a sua partilha, Catarina Siqueira voltou a mostrar-se <strong data-end=\"1827\" data-start=\"1801\">transparente e genu\u00edna<\/strong>, caracter\u00edsticas que t\u00eam marcado a sua presen\u00e7a p\u00fablica. Ao abordar um tema frequentemente romantizado, a atriz contribui para uma <strong data-end=\"2027\" data-start=\"1959\">reflex\u00e3o necess\u00e1ria sobre as diferentes experi\u00eancias da gravidez<\/strong>, lembrando que <strong data-end=\"2112\" data-start=\"2043\">nem todas as mulheres vivem este per\u00edodo como um \u201cconto de fadas\u201d<\/strong> \u2014 e que <strong data-end=\"2186\" data-start=\"2121\">tamb\u00e9m \u00e9 v\u00e1lido sentir cansa\u00e7o, desconforto e vulnerabilidade<\/strong>.<\/p>\n<p data-end=\"929\" data-is-last-node=\"\" data-is-only-node=\"\" data-start=\"769\">\u00a0<\/p>\n","protected":false},"excerpt":{"rendered":"Catarina Siqueira revelou nas redes sociais que a filha,\u00a0Luz, de nove anos, est\u00e1 a enfrentar uma virose. A&hellip;\n","protected":false},"author":2,"featured_media":151177,"comment_status":"","ping_status":"","sticky":false,"template":"","format":"standard","meta":{"footnotes":""},"categories":[145],"tags":[160,48,32809,211,210,166,114,115,157,167,164,1476,161,158,165,159,32,33,156,163,162],"class_list":{"0":"post-151176","1":"post","2":"type-post","3":"status-publish","4":"format-standard","5":"has-post-thumbnail","7":"category-celebridades","8":"tag-ana-guiomar","9":"tag-big-brother","10":"tag-catarina-siqueira","11":"tag-celebridades","12":"tag-celebrities","13":"tag-cristina-ferreira","14":"tag-entertainment","15":"tag-entretenimento","16":"tag-festa-e-festa","17":"tag-ficcao","18":"tag-jose-fidalgo","19":"tag-morangos-com-acucar","20":"tag-novelas","21":"tag-para-sempre","22":"tag-pedro-sousa","23":"tag-pedro-teixeira","24":"tag-portugal","25":"tag-pt","26":"tag-queridos-papas","27":"tag-tiago-teotonio-pereira","28":"tag-tvi"},"share_on_mastodon":{"url":"https:\/\/pubeurope.com\/@pt\/115545220516480238","error":""},"_links":{"self":[{"href":"https:\/\/www.europesays.com\/pt\/wp-json\/wp\/v2\/posts\/151176","targetHints":{"allow":["GET"]}}],"collection":[{"href":"https:\/\/www.europesays.com\/pt\/wp-json\/wp\/v2\/posts"}],"about":[{"href":"https:\/\/www.europesays.com\/pt\/wp-json\/wp\/v2\/types\/post"}],"author":[{"embeddable":true,"href":"https:\/\/www.europesays.com\/pt\/wp-json\/wp\/v2\/users\/2"}],"replies":[{"embeddable":true,"href":"https:\/\/www.europesays.com\/pt\/wp-json\/wp\/v2\/comments?post=151176"}],"version-history":[{"count":0,"href":"https:\/\/www.europesays.com\/pt\/wp-json\/wp\/v2\/posts\/151176\/revisions"}],"wp:featuredmedia":[{"embeddable":true,"href":"https:\/\/www.europesays.com\/pt\/wp-json\/wp\/v2\/media\/151177"}],"wp:attachment":[{"href":"https:\/\/www.europesays.com\/pt\/wp-json\/wp\/v2\/media?parent=151176"}],"wp:term":[{"taxonomy":"category","embeddable":true,"href":"https:\/\/www.europesays.com\/pt\/wp-json\/wp\/v2\/categories?post=151176"},{"taxonomy":"post_tag","embeddable":true,"href":"https:\/\/www.europesays.com\/pt\/wp-json\/wp\/v2\/tags?post=151176"}],"curies":[{"name":"wp","href":"https:\/\/api.w.org\/{rel}","templated":true}]}}