{"id":151178,"date":"2025-11-14T00:30:24","date_gmt":"2025-11-14T00:30:24","guid":{"rendered":"https:\/\/www.europesays.com\/pt\/151178\/"},"modified":"2025-11-14T00:30:24","modified_gmt":"2025-11-14T00:30:24","slug":"liliana-intrigada-com-incomodo-de-bruno-quanto-a-dylan-e-ines-e-estranho","status":"publish","type":"post","link":"https:\/\/www.europesays.com\/pt\/151178\/","title":{"rendered":"Liliana intrigada com inc\u00f3modo de Bruno quanto a Dylan e In\u00eas: &#8220;\u00c9 estranho&#8230;&#8221;"},"content":{"rendered":"<p>Bruno j\u00e1 partilhou com In\u00eas e Dylan que se <a href=\"https:\/\/www.hiper.fm\/bruno-incomodado-com-barulhos-noturnos-de-dylan-e-ines-quando-estou-na-cama\/\" target=\"_blank\" rel=\"noopener nofollow\">sente incomodado com os barulhos<\/a> que o casal faz durante a noite. Liliana tamb\u00e9m se apercebeu desse inc\u00f3modo e conversou com Marisa e Pedro Jorge sobre o tema.<\/p>\n<p>\u201c<strong>Tenho uma coisa para vos dizer: porque \u00e9 que ele fica t\u00e3o incomodado deles estarem aos beijos na cama? E tem sempre que vir c\u00e1 para fora?<\/strong>\u201c, come\u00e7ou por dizer.<\/p>\n<p>A concorrente de Lousada tamb\u00e9m revelou: \u201c<strong>Porque ontem ele veio c\u00e1 para fora sozinho e eu disse: <\/strong><strong>\u201cEst\u00e1s bem?\u201d. E ele: \u201cS\u00e3o situa\u00e7\u00f5es e situa\u00e7\u00f5es\u201d. Eu n\u00e3o quis perguntar e depois ele perguntou-me assim: \u201cJ\u00e1 acabou? J\u00e1 acabou os beijinhos?\u201d<\/strong>\u201c.<\/p>\n<p>Depois de dar conta do que aconteceu, Liliana mostrou-se intrigada: \u201c<strong>Ele fica incomodado, ele falava de n\u00f3s mas n\u00e3o se levantava. \u00c9 estranho ele vir c\u00e1 para fora<\/strong>\u201c.<\/p>\n<p><a href=\"https:\/\/tvi.iol.pt\/secretstory\/videos\/o-que-se-passa-entre-dylan-e-ines-a-noite-que-leva-bruno-a-sair-do-quarto-as-declaracoes-polemicas\/6914f83e0cf255913376103f\" target=\"_blank\" rel=\"noopener nofollow\">Veja o v\u00eddeo aqui<\/a>.<\/p>\n","protected":false},"excerpt":{"rendered":"Bruno j\u00e1 partilhou com In\u00eas e Dylan que se sente incomodado com os barulhos que o casal faz&hellip;\n","protected":false},"author":2,"featured_media":151179,"comment_status":"","ping_status":"","sticky":false,"template":"","format":"standard","meta":{"footnotes":""},"categories":[142],"tags":[3768,19105,114,115,32810,26469,19016,32,33,151],"class_list":{"0":"post-151178","1":"post","2":"type-post","3":"status-publish","4":"format-standard","5":"has-post-thumbnail","7":"category-tv","8":"tag-bruno","9":"tag-dylan","10":"tag-entertainment","11":"tag-entretenimento","12":"tag-incu00f3modo","13":"tag-inu00eas","14":"tag-liliana","15":"tag-portugal","16":"tag-pt","17":"tag-tv"},"share_on_mastodon":{"url":"https:\/\/pubeurope.com\/@pt\/115545232210006638","error":""},"_links":{"self":[{"href":"https:\/\/www.europesays.com\/pt\/wp-json\/wp\/v2\/posts\/151178","targetHints":{"allow":["GET"]}}],"collection":[{"href":"https:\/\/www.europesays.com\/pt\/wp-json\/wp\/v2\/posts"}],"about":[{"href":"https:\/\/www.europesays.com\/pt\/wp-json\/wp\/v2\/types\/post"}],"author":[{"embeddable":true,"href":"https:\/\/www.europesays.com\/pt\/wp-json\/wp\/v2\/users\/2"}],"replies":[{"embeddable":true,"href":"https:\/\/www.europesays.com\/pt\/wp-json\/wp\/v2\/comments?post=151178"}],"version-history":[{"count":0,"href":"https:\/\/www.europesays.com\/pt\/wp-json\/wp\/v2\/posts\/151178\/revisions"}],"wp:featuredmedia":[{"embeddable":true,"href":"https:\/\/www.europesays.com\/pt\/wp-json\/wp\/v2\/media\/151179"}],"wp:attachment":[{"href":"https:\/\/www.europesays.com\/pt\/wp-json\/wp\/v2\/media?parent=151178"}],"wp:term":[{"taxonomy":"category","embeddable":true,"href":"https:\/\/www.europesays.com\/pt\/wp-json\/wp\/v2\/categories?post=151178"},{"taxonomy":"post_tag","embeddable":true,"href":"https:\/\/www.europesays.com\/pt\/wp-json\/wp\/v2\/tags?post=151178"}],"curies":[{"name":"wp","href":"https:\/\/api.w.org\/{rel}","templated":true}]}}