{"id":151182,"date":"2025-11-14T00:32:13","date_gmt":"2025-11-14T00:32:13","guid":{"rendered":"https:\/\/www.europesays.com\/pt\/151182\/"},"modified":"2025-11-14T00:32:13","modified_gmt":"2025-11-14T00:32:13","slug":"a-empregada-com-sydney-sweeney-e-amanda-seyfried-ganha-novo-trailer","status":"publish","type":"post","link":"https:\/\/www.europesays.com\/pt\/151182\/","title":{"rendered":"\u2018A Empregada\u2019, com Sydney Sweeney e Amanda Seyfried, ganha novo trailer"},"content":{"rendered":"<p>Produ\u00e7\u00e3o chega aos cinemas dos Estados Unidos em 25 de dezembro; no Brasil, nenhuma data de estreia foi definida at\u00e9 o momento<\/p>\n<p>                    Divulga\u00e7\u00e3o<\/p>\n<p>                                            <img decoding=\"async\" class=\"img-responsive type:primaryImage\" src=\"https:\/\/www.europesays.com\/pt\/wp-content\/uploads\/2025\/11\/sem-titulo-23-750x425.png\" alt=\"Sydney Sweeney em 'A Empregada'\" id=\"zoom-img\"\/><br \/>\n                                        O longa, com dire\u00e7\u00e3o de Paul Feig e roteiro de Rebecca Sonnenshine, \u00e9 uma adapta\u00e7\u00e3o do livro &#8216;A Empregada: Bem-vinda \u00e0 Fam\u00edlia&#8217;<\/p>\n<p>O filme \u2018<a href=\"http:\/\/jovempan.com.br\/tag\/a-empregada\" rel=\"nofollow noopener\" target=\"_blank\"><strong>A Empregada<\/strong><\/a>\u2018 ganhou um novo trailer, divulgado pela Paris Filmes nesta quarta-feira (12). A produ\u00e7\u00e3o chega aos cinemas dos <a href=\"http:\/\/jovempan.com.br\/tag\/estados-unidos\" rel=\"nofollow noopener\" target=\"_blank\"><strong>Estados Unidos<\/strong><\/a> em 25 de dezembro. No <a href=\"http:\/\/jovempan.com.br\/tag\/brasil\" rel=\"nofollow noopener\" target=\"_blank\"><strong>Brasil<\/strong><\/a>, nenhuma data de estreia foi definida at\u00e9 o momento.<\/p>\n<p>As novas cenas mostram a chegada de Millie (<a href=\"http:\/\/jovempan.com.br\/tag\/sydney-sweeney\" rel=\"nofollow noopener\" target=\"_blank\"><strong>Sydney Sweeney<\/strong><\/a>) \u00e0 casa de Nina (<a href=\"http:\/\/jovempan.com.br\/tag\/amanda-seyfried\" rel=\"nofollow noopener\" target=\"_blank\"><strong>Amanda Seyfried<\/strong><\/a>) e Andrew (Brandon Sklenar), um casal de classe alta para quem ela vai trabalhar. O emprego dos sonhos come\u00e7a a se tornar um pesadelo quando situa\u00e7\u00f5es estranhas come\u00e7am a acontecer na casa e a jovem precisa escolher entre ter dinheiro ou se manter segura.<\/p>\n<p>                    <img decoding=\"async\" id=\"cta-image\" editable=\"true\" name=\"Imagem:\" src=\"https:\/\/www.europesays.com\/pt\/wp-content\/uploads\/2025\/08\/1754802982_266_640_JPEntretenimento.jpg\" alt=\"cta_logo_jp\"\/><\/p>\n<p>\n                    Siga o canal da Jovem Pan Entretenimento e receba as principais not\u00edcias no seu WhatsApp!\n                <\/p>\n<p>O longa, com dire\u00e7\u00e3o de Paul Feig e roteiro de Rebecca Sonnenshine, \u00e9 uma adapta\u00e7\u00e3o do livro \u2018A Empregada: Bem-vinda \u00e0 Fam\u00edlia\u2019, de Freida McFadden. A hist\u00f3ria, que fez muito sucesso no Brasil, rendeu outros dois livros, lan\u00e7ados em sequ\u00eancia: \u2018O Segredo da Empregada\u2019 e \u2018A Empregada Est\u00e1 de Olho\u2019, respectivamente.<\/p>\n<p><strong>Confira o novo trailer<\/strong><\/p>\n","protected":false},"excerpt":{"rendered":"Produ\u00e7\u00e3o chega aos cinemas dos Estados Unidos em 25 de dezembro; no Brasil, nenhuma data de estreia foi&hellip;\n","protected":false},"author":2,"featured_media":151183,"comment_status":"","ping_status":"","sticky":false,"template":"","format":"standard","meta":{"footnotes":""},"categories":[140],"tags":[114,115,147,148,146,32,33],"class_list":{"0":"post-151182","1":"post","2":"type-post","3":"status-publish","4":"format-standard","5":"has-post-thumbnail","7":"category-filmes","8":"tag-entertainment","9":"tag-entretenimento","10":"tag-film","11":"tag-filmes","12":"tag-movies","13":"tag-portugal","14":"tag-pt"},"share_on_mastodon":{"url":"https:\/\/pubeurope.com\/@pt\/115545240156077338","error":""},"_links":{"self":[{"href":"https:\/\/www.europesays.com\/pt\/wp-json\/wp\/v2\/posts\/151182","targetHints":{"allow":["GET"]}}],"collection":[{"href":"https:\/\/www.europesays.com\/pt\/wp-json\/wp\/v2\/posts"}],"about":[{"href":"https:\/\/www.europesays.com\/pt\/wp-json\/wp\/v2\/types\/post"}],"author":[{"embeddable":true,"href":"https:\/\/www.europesays.com\/pt\/wp-json\/wp\/v2\/users\/2"}],"replies":[{"embeddable":true,"href":"https:\/\/www.europesays.com\/pt\/wp-json\/wp\/v2\/comments?post=151182"}],"version-history":[{"count":0,"href":"https:\/\/www.europesays.com\/pt\/wp-json\/wp\/v2\/posts\/151182\/revisions"}],"wp:featuredmedia":[{"embeddable":true,"href":"https:\/\/www.europesays.com\/pt\/wp-json\/wp\/v2\/media\/151183"}],"wp:attachment":[{"href":"https:\/\/www.europesays.com\/pt\/wp-json\/wp\/v2\/media?parent=151182"}],"wp:term":[{"taxonomy":"category","embeddable":true,"href":"https:\/\/www.europesays.com\/pt\/wp-json\/wp\/v2\/categories?post=151182"},{"taxonomy":"post_tag","embeddable":true,"href":"https:\/\/www.europesays.com\/pt\/wp-json\/wp\/v2\/tags?post=151182"}],"curies":[{"name":"wp","href":"https:\/\/api.w.org\/{rel}","templated":true}]}}