{"id":151184,"date":"2025-11-14T00:33:08","date_gmt":"2025-11-14T00:33:08","guid":{"rendered":"https:\/\/www.europesays.com\/pt\/151184\/"},"modified":"2025-11-14T00:33:08","modified_gmt":"2025-11-14T00:33:08","slug":"tio-de-rubiales-atira-lhe-ovos-durante-apresentacao-do-novo-livro","status":"publish","type":"post","link":"https:\/\/www.europesays.com\/pt\/151184\/","title":{"rendered":"Tio de Rubiales atira-lhe ovos durante apresenta\u00e7\u00e3o do novo livro"},"content":{"rendered":"<p data-remotead-prev-elm=\"true\" data-remotead-elm-id=\"inread\">Rubiales, condenado por agress\u00e3o sexual por <a href=\"https:\/\/www.jn.pt\/desporto\/artigo\/rubiales-condenado-a-pagar-10800-euros-pelo-beijo-a-jenni-hermoso\/17839082\" target=\"_blank\" rel=\"nofollow noopener\">ter beijado \u00e0 for\u00e7a a jogadora Jenni Hermoso<\/a>, parece ter sido atingido nas costas, quando um homem que Rubiales afirmou ser seu tio atirou tr\u00eas ovos na dire\u00e7\u00e3o do ex-l\u00edder da RFEF de 48 anos.<\/p>\n<p>&#8220;Descobri que era o meu pr\u00f3prio tio, chamado Luis Ruben. Um tio da minha idade&#8221;, disse Rubiales ao portal de not\u00edcias&#8221; Periodista Digital&#8221;.<\/p>\n<p>&#8220;Ele atirou-me ovos porque \u00e9 uma pessoa perturbada, e n\u00e3o acho que haja qualquer justifica\u00e7\u00e3o para isso. Eles prenderam-no, levaram-no e, bem, teremos de tomar medidas contra ele porque, sinceramente, pensei que ele estivesse armado&#8221;, afirmou.<\/p>\n<blockquote class=\"twitter-tweet\">\n<p>Igual es el mejor v\u00eddeo de los \u00faltimos 4\/5 a\u00f1os:<\/p>\n<p>&#8211; Rubiales presenta un libro (?)<br \/>&#8211; Irrumpe un energ\u00fameno y le tira 3 huevos.<br \/>&#8211; Rubiales esquiva con 360 incluido<br \/>&#8211; El loco es su t\u00edo jjdjfjf<br \/>&#8211; Bertrand Ndongo aparece (surrealista) y se lleva al loco<a href=\"https:\/\/t.co\/6NQH4KcHvJ\" rel=\"nofollow\">pic.twitter.com\/6NQH4KcHvJ<\/a><\/p>\n<p>&#8211; Juanca. (@Nanosecso) <a href=\"https:\/\/twitter.com\/Nanosecso\/status\/1989064281846083878?ref_src=twsrc%5Etfw\" rel=\"nofollow noopener\" target=\"_blank\">November 13, 2025<\/a><\/p><\/blockquote>\n<p data-remotead-prev-elm=\"true\" data-remotead-elm-id=\"centro1\">Contactada pela AFP, a pol\u00edcia nacional afirmou que um espanhol tinha sido preso, mas recusou-se a confirmar a liga\u00e7\u00e3o familiar.<\/p>\n<p>Rubiales tentou perseguir o seu tio antes de ser intercetado por outras pessoas no evento onde apresentada o seu livro &#8220;Killing Rubiales&#8221;.<\/p>\n<p>Em declara\u00e7\u00f5es \u00e0 televis\u00e3o espanhola no in\u00edcio desta semana, Rubiales afirmou ter sido v\u00edtima de um &#8220;movimento repentino da extrema-esquerda&#8221; que criou uma &#8220;realidade paralela&#8221; para capitalizar sobre a quest\u00e3o em torno do seu beijo for\u00e7ado a Hermoso.<\/p>\n<p data-remotead-prev-elm=\"true\" data-remotead-elm-id=\"centro2\">Rubiales foi multado em 10.800 euros por beijar \u00e0 for\u00e7a a jogadora durante a cerim\u00f3nia de entrega de medalhas ap\u00f3s a Espanha ter vencido o Campeonato Mundial Feminino em Sydney, em agosto de 2023.<\/p>\n<p>O ex-presidente da RFEF insiste que foi consensual e o seu advogado disse \u00e0 AFP em junho que iria recorrer da condena\u00e7\u00e3o no Supremo Tribunal depois de um tribunal de recurso espanhol ter mantido a sua multa.<\/p>\n<blockquote data-type=\"articles\" data-id=\"related-article-17838855\"><p>\n              <strong>Leia tamb\u00e9m <\/strong><br \/>\n              <a href=\"https:\/\/www.jn.pt\/desporto\/artigo\/rubiales-vai-recorrer-da-condenacao-por-agressao-sexual-a-jenni-hermoso\/17838855\" rel=\"nofollow noopener\" target=\"_blank\">Rubiales vai recorrer da condena\u00e7\u00e3o por agress\u00e3o sexual a Jenni Hermoso<\/a>\n            <\/p><\/blockquote>\n<p>O c\u00f3digo penal espanhol determina que um beijo n\u00e3o consensual pode ser considerado agress\u00e3o sexual, uma categoria jur\u00eddica que abrange todos os tipos de viol\u00eancia sexual.<\/p>\n<p data-remotead-prev-elm=\"true\" data-remotead-elm-id=\"centro3\">O beijo provocou um alvoro\u00e7o global, for\u00e7ando Rubiales a renunciar ao cargo, o que resultou na sua proibi\u00e7\u00e3o de todas as atividades relacionadas com o futebol por tr\u00eas anos e mergulhou a federa\u00e7\u00e3o num longo per\u00edodo de turbul\u00eancia.<\/p>\n<p>O caso tornou Hermoso, a maior marcadora de todos os tempos da sele\u00e7\u00e3o feminina, um \u00edcone da luta contra o sexismo e a cultura machista no desporto.<\/p>\n<p><script async src=\"https:\/\/platform.twitter.com\/widgets.js\" charset=\"utf-8\"><\/script><\/p>\n","protected":false},"excerpt":{"rendered":"Rubiales, condenado por agress\u00e3o sexual por ter beijado \u00e0 for\u00e7a a jogadora Jenni Hermoso, parece ter sido atingido&hellip;\n","protected":false},"author":2,"featured_media":151185,"comment_status":"","ping_status":"","sticky":false,"template":"","format":"standard","meta":{"footnotes":""},"categories":[87],"tags":[5571,135,640,32800,32,33,134],"class_list":{"0":"post-151184","1":"post","2":"type-post","3":"status-publish","4":"format-standard","5":"has-post-thumbnail","7":"category-desporto","8":"tag-agressao","9":"tag-desporto","10":"tag-espanha","11":"tag-luis-rubiales","12":"tag-portugal","13":"tag-pt","14":"tag-sports"},"share_on_mastodon":{"url":"https:\/\/pubeurope.com\/@pt\/115545243837377876","error":""},"_links":{"self":[{"href":"https:\/\/www.europesays.com\/pt\/wp-json\/wp\/v2\/posts\/151184","targetHints":{"allow":["GET"]}}],"collection":[{"href":"https:\/\/www.europesays.com\/pt\/wp-json\/wp\/v2\/posts"}],"about":[{"href":"https:\/\/www.europesays.com\/pt\/wp-json\/wp\/v2\/types\/post"}],"author":[{"embeddable":true,"href":"https:\/\/www.europesays.com\/pt\/wp-json\/wp\/v2\/users\/2"}],"replies":[{"embeddable":true,"href":"https:\/\/www.europesays.com\/pt\/wp-json\/wp\/v2\/comments?post=151184"}],"version-history":[{"count":0,"href":"https:\/\/www.europesays.com\/pt\/wp-json\/wp\/v2\/posts\/151184\/revisions"}],"wp:featuredmedia":[{"embeddable":true,"href":"https:\/\/www.europesays.com\/pt\/wp-json\/wp\/v2\/media\/151185"}],"wp:attachment":[{"href":"https:\/\/www.europesays.com\/pt\/wp-json\/wp\/v2\/media?parent=151184"}],"wp:term":[{"taxonomy":"category","embeddable":true,"href":"https:\/\/www.europesays.com\/pt\/wp-json\/wp\/v2\/categories?post=151184"},{"taxonomy":"post_tag","embeddable":true,"href":"https:\/\/www.europesays.com\/pt\/wp-json\/wp\/v2\/tags?post=151184"}],"curies":[{"name":"wp","href":"https:\/\/api.w.org\/{rel}","templated":true}]}}