{"id":151186,"date":"2025-11-14T00:38:08","date_gmt":"2025-11-14T00:38:08","guid":{"rendered":"https:\/\/www.europesays.com\/pt\/151186\/"},"modified":"2025-11-14T00:38:08","modified_gmt":"2025-11-14T00:38:08","slug":"russia-lanca-ataque-em-larga-escala-contra-kiev-guerra-na-ucrania","status":"publish","type":"post","link":"https:\/\/www.europesays.com\/pt\/151186\/","title":{"rendered":"R\u00fassia lan\u00e7a ataque em larga escala contra Kiev | Guerra na Ucr\u00e2nia"},"content":{"rendered":"<p>As for\u00e7as armadas russas lan\u00e7aram um ataque &#8220;em larga escala&#8221; contra Kiev na noite desta quinta-feira, com recurso a m\u00edsseis e drones, avan\u00e7ou o autarca da <a href=\"https:\/\/www.publico.pt\/2025\/10\/24\/mundo\/noticia\/aliados-ucrania-prometem-ajudar-kiev-evitar-desastre-humanitario-inverno-2152100\" target=\"_blank\" rel=\"nofollow noopener\">capital ucraniana<\/a>, Vitali Klitschko, atrav\u00e9s do Telegram. Foram relatadas v\u00e1rias explos\u00f5es na cidade.<\/p>\n<p>Klitschko adiantou que foram activados os sistemas de defesa a\u00e9rea ucranianos e que os destro\u00e7os dos <a href=\"https:\/\/www.publico.pt\/2025\/11\/02\/mundo\/noticia\/guerra-ucrania-forcas-especiais-ucrania-pokrovsk-conter-avanco-russia-2153086?ref=guerra-ucrania&amp;cx=stack\" target=\"_blank\" rel=\"nofollow noopener\">m\u00edsseis russos<\/a> atingiram um pr\u00e9dio no bairro de Dnipro, na margem do rio hom\u00f3nimo.<\/p>\n<p>Deflagraram tamb\u00e9m inc\u00eandios em v\u00e1rios pr\u00e9dios residenciais no bairro de Podil, na outra margem do Dnipro; bem como nos bairros de Solomyansky, Svyatoshyn e Desnyansky. Pelo menos cinco pessoas ficaram feridas, informou Timur Tkachenko, chefe da administra\u00e7\u00e3o militar de Kiev.<\/p>\n<p>Noutro bairro da capital, Holosiiv, a queda de destro\u00e7os provocou um inc\u00eandio numa unidade de sa\u00fade.<\/p>\n<p>O governo local mobilizou equipas de emerg\u00eancia para v\u00e1rias zonas de Kiev, que est\u00e1 tamb\u00e9m a ser afectada por falhas no fornecimento de energia el\u00e9ctrica.<\/p>\n<p>Perto das 00h30 locais (22h30 em Portugal continental), a For\u00e7a A\u00e9rea da Ucr\u00e2nia lan\u00e7ou um alerta para todo o pa\u00eds devido \u00e0 amea\u00e7a de bombardeamentos, apelando \u00e0 popula\u00e7\u00e3o para que se mantenha em abrigos subterr\u00e2neos.<\/p>\n<p>S\u00f3 nas \u00faltimas horas ter\u00e3o sido monitorizados at\u00e9 120 drones russos que avan\u00e7avam na direc\u00e7\u00e3o de Kiev, segundo o jornal ucraniano Kyiv Independent.<\/p>\n","protected":false},"excerpt":{"rendered":"As for\u00e7as armadas russas lan\u00e7aram um ataque &#8220;em larga escala&#8221; contra Kiev na noite desta quinta-feira, com recurso&hellip;\n","protected":false},"author":2,"featured_media":151187,"comment_status":"","ping_status":"","sticky":false,"template":"","format":"standard","meta":{"footnotes":""},"categories":[50],"tags":[995,27,28,353,445,15,16,889,14,4167,25,26,21,22,62,12,13,19,20,23,24,839,17,18,840,29,30,31,2416,63,64,65],"class_list":{"0":"post-151186","1":"post","2":"type-post","3":"status-publish","4":"format-standard","5":"has-post-thumbnail","7":"category-mundo","8":"tag-abre-conteudo","9":"tag-breaking-news","10":"tag-breakingnews","11":"tag-em-destaque","12":"tag-europa","13":"tag-featured-news","14":"tag-featurednews","15":"tag-guerra-na-ucrania","16":"tag-headlines","17":"tag-kiev","18":"tag-latest-news","19":"tag-latestnews","20":"tag-main-news","21":"tag-mainnews","22":"tag-mundo","23":"tag-news","24":"tag-noticias","25":"tag-noticias-principais","26":"tag-noticiasprincipais","27":"tag-principais-noticias","28":"tag-principaisnoticias","29":"tag-russia","30":"tag-top-stories","31":"tag-topstories","32":"tag-ucrania","33":"tag-ultimas","34":"tag-ultimas-noticias","35":"tag-ultimasnoticias","36":"tag-volodymyr-zelensky","37":"tag-world","38":"tag-world-news","39":"tag-worldnews"},"share_on_mastodon":{"url":"https:\/\/pubeurope.com\/@pt\/115545263475734161","error":""},"_links":{"self":[{"href":"https:\/\/www.europesays.com\/pt\/wp-json\/wp\/v2\/posts\/151186","targetHints":{"allow":["GET"]}}],"collection":[{"href":"https:\/\/www.europesays.com\/pt\/wp-json\/wp\/v2\/posts"}],"about":[{"href":"https:\/\/www.europesays.com\/pt\/wp-json\/wp\/v2\/types\/post"}],"author":[{"embeddable":true,"href":"https:\/\/www.europesays.com\/pt\/wp-json\/wp\/v2\/users\/2"}],"replies":[{"embeddable":true,"href":"https:\/\/www.europesays.com\/pt\/wp-json\/wp\/v2\/comments?post=151186"}],"version-history":[{"count":0,"href":"https:\/\/www.europesays.com\/pt\/wp-json\/wp\/v2\/posts\/151186\/revisions"}],"wp:featuredmedia":[{"embeddable":true,"href":"https:\/\/www.europesays.com\/pt\/wp-json\/wp\/v2\/media\/151187"}],"wp:attachment":[{"href":"https:\/\/www.europesays.com\/pt\/wp-json\/wp\/v2\/media?parent=151186"}],"wp:term":[{"taxonomy":"category","embeddable":true,"href":"https:\/\/www.europesays.com\/pt\/wp-json\/wp\/v2\/categories?post=151186"},{"taxonomy":"post_tag","embeddable":true,"href":"https:\/\/www.europesays.com\/pt\/wp-json\/wp\/v2\/tags?post=151186"}],"curies":[{"name":"wp","href":"https:\/\/api.w.org\/{rel}","templated":true}]}}