{"id":151188,"date":"2025-11-14T00:40:09","date_gmt":"2025-11-14T00:40:09","guid":{"rendered":"https:\/\/www.europesays.com\/pt\/151188\/"},"modified":"2025-11-14T00:40:09","modified_gmt":"2025-11-14T00:40:09","slug":"como-dois-idosos-foram-vitimas-da-tempestade-claudia-observador","status":"publish","type":"post","link":"https:\/\/www.europesays.com\/pt\/151188\/","title":{"rendered":"Como dois idosos foram v\u00edtimas da tempestade Cl\u00e1udia \u2013 Observador"},"content":{"rendered":"<p>Pouco acontecia naquela parte de Fern\u00e3o Ferro. Esta quinta-feira, a rua estreita onde passam poucos carros ficou repleta de ve\u00edculos dos bombeiros e da GNR. Encostado a uma parede estava um grupo de vizinhos do casal, a comentar o que havia acontecido durante a noite. \u201cEm mais de 40 anos, nunca aconteceu uma coisa assim\u201d, referem.<\/p>\n<p>At\u00e9 h\u00e1 cerca de um ano, a rua Santa Marinha limitava-se a uma faixa de terra batida, relatam. Agora, neste mesmo espa\u00e7o, v\u00ea-se entulho a preencher o espa\u00e7o entre as casas e algumas sarjetas que parecem ter sido instaladas recentemente \u2014 e os moradores questionam se estas estariam funcionais. \u201cProvavelmente nem est\u00e3o ligadas\u201d, atira um, apontando os dedos \u00e0 autarquia, numa opini\u00e3o partilhada pelos vizinhos que prestam apoio aos familiares das v\u00edtimas.<\/p>\n<p>\u201cEu acho que as obras t\u00eam influ\u00eancia nisto tudo\u201d, confessa o filho mais velho do casal. \u201cEles moravam aqui h\u00e1 40 e tal anos e nunca aconteceu nada assim. Agora, depois destas obras, a \u00e1gua fica aqui toda entupida\u201d, continua Francisco. Na sua \u00f3tica, e de muitos outros, este projeto da C\u00e2mara Municipal do Seixal para a requalifica\u00e7\u00e3o da via poder\u00e1 estar relacionado com a trag\u00e9dia.<\/p>\n<p>No local, poucas horas depois de terem chegado as autoridades, o vereador com o pelouro da Prote\u00e7\u00e3o Civil afastou qualquer responsabilidade aut\u00e1rquica neste caso isolado, quando confrontado pelos jornalistas sobre as queixas apresentadas pelos moradores. \u201cOs moradores todos t\u00eam opini\u00f5es nestes momentos\u201d, referiu Joaquim Tavares, afirmando que n\u00e3o est\u00e1 em condi\u00e7\u00f5es de garantir que houve uma rela\u00e7\u00e3o de causa-efeito.<\/p>\n<p>Assim, n\u00e3o admitindo que as obras iniciadas h\u00e1 mais de um ano tenham sido o fator decisivo para este alagamento sem precedentes, o respons\u00e1vel camar\u00e1rio acrescenta que a casa do casal \u2014 como a grande maioria na regi\u00e3o \u2014 foi constru\u00edda numa \u201c\u00e1rea urbana de g\u00e9nese ilegal\u201d (AUGI). \u201c\u00c9 no contexto dessa realidade que est\u00e3o a ser realizadas obras pela administra\u00e7\u00e3o da AUGI, que \u00e9 quem tem a compet\u00eancia nessa mat\u00e9ria\u201d, disse tamb\u00e9m.<\/p>\n<p>Joaquim Tavares diz que esta ocorr\u00eancia surge depois de \u201cuma situa\u00e7\u00e3o muito particular, de uma grande intensidade da chuva\u201d, mas que situa\u00e7\u00f5es semelhantes \u201cexistem h\u00e1 muitos anos e os problemas que tiveram nunca foram desta natureza\u201d. Para o vereador, s\u00f3 havia uma forma de evitar este desenlace tr\u00e1gico: \u201cN\u00e3o deveria ter havido estas constru\u00e7\u00f5es nestes s\u00edtios\u201d. Questionado se a solu\u00e7\u00e3o passaria por demolir a casa \u2014 antes do epis\u00f3dio desta quinta-feira \u2014 o respons\u00e1vel pela Prote\u00e7\u00e3o Civil no Seixal admite que n\u00e3o estar a par do processo espec\u00edfico da resid\u00eancia afetada, nem sobre poss\u00edveis dilig\u00eancias feitas no passado em rela\u00e7\u00e3o \u00e0 sua seguran\u00e7a.<\/p>\n<p>\u201cEst\u00e1 numa situa\u00e7\u00e3o de constru\u00e7\u00e3o ilegal, como est\u00e3o tantas outras na regi\u00e3o\u201d, responde aos jornalistas, confirmando que, internamente, \u201cest\u00e3o a ser vistas solu\u00e7\u00f5es para que se possa desativar estas habita\u00e7\u00f5es\u201d. Nenhuma das potenciais solu\u00e7\u00f5es passa, no entanto, por legaliz\u00e1-las: \u201cN\u00e3o, est\u00e1 numa zona ilegal, como \u00e9 que podia ser legalizada?\u201d.<\/p>\n<p>\u00c0 R\u00e1dio Observador, o presidente da C\u00e2mara Municipal do Seixal refor\u00e7a as palavras transmitidas pelo vereador, esclarecendo que \u201cquase toda a freguesia de Fern\u00e3o Ferro \u00e9 de g\u00e9nese ilegal\u201d e que, nesse sentido, a casa do casal de 88 anos que morreu esta quinta-feira estava numa zona \u201cem obras de reconvers\u00e3o\u201d. Sem reagir tamb\u00e9m \u00e0s preocupa\u00e7\u00f5es apresentadas pelos moradores, Paulo Silva acrescenta que cerca de tr\u00eas mil lotes na freguesia est\u00e3o inseridos neste mesmo plano de reconvers\u00e3o \u2014 processo com vista \u00e0 legaliza\u00e7\u00e3o das constru\u00e7\u00f5es \u2014 que esperam ter conclu\u00eddo at\u00e9 2030.<\/p>\n<p>\u201cO senhor vereador diz que \u00e9 ilegal, mas depois recebem os IMIs, recebem tudo\u2026 A quest\u00e3o \u00e9 essa\u201d, reagiu Francisco, o filho mais velho do casal, \u00e0s declara\u00e7\u00f5es da autarquia sobre o epis\u00f3dio. Com v\u00e1rias suspeitas em cima da mesa sobre o que poder\u00e1 ter estado na origem deste incidente, a Pol\u00edcia Judici\u00e1ria chegou ao local rapidamente para assumir as r\u00e9deas da investiga\u00e7\u00e3o, tendo come\u00e7ado imediatamente a inspecionar a casa, a falar com testemunhas e a fotografar as imedia\u00e7\u00f5es da resid\u00eancia.<\/p>\n","protected":false},"excerpt":{"rendered":"Pouco acontecia naquela parte de Fern\u00e3o Ferro. Esta quinta-feira, a rua estreita onde passam poucos carros ficou repleta&hellip;\n","protected":false},"author":2,"featured_media":151189,"comment_status":"","ping_status":"","sticky":false,"template":"","format":"standard","meta":{"footnotes":""},"categories":[8],"tags":[27,28,442,15,16,14,25,26,21,22,606,12,13,19,20,861,32,23,24,33,679,17,18,29,30,31],"class_list":{"0":"post-151188","1":"post","2":"type-post","3":"status-publish","4":"format-standard","5":"has-post-thumbnail","7":"category-principais-noticias","8":"tag-breaking-news","9":"tag-breakingnews","10":"tag-ciu00eancia","11":"tag-featured-news","12":"tag-featurednews","13":"tag-headlines","14":"tag-latest-news","15":"tag-latestnews","16":"tag-main-news","17":"tag-mainnews","18":"tag-meteorologia","19":"tag-news","20":"tag-noticias","21":"tag-noticias-principais","22":"tag-noticiasprincipais","23":"tag-observador","24":"tag-portugal","25":"tag-principais-noticias","26":"tag-principaisnoticias","27":"tag-pt","28":"tag-reportagem","29":"tag-top-stories","30":"tag-topstories","31":"tag-ultimas","32":"tag-ultimas-noticias","33":"tag-ultimasnoticias"},"share_on_mastodon":{"url":"https:\/\/pubeurope.com\/@pt\/115545271518739933","error":""},"_links":{"self":[{"href":"https:\/\/www.europesays.com\/pt\/wp-json\/wp\/v2\/posts\/151188","targetHints":{"allow":["GET"]}}],"collection":[{"href":"https:\/\/www.europesays.com\/pt\/wp-json\/wp\/v2\/posts"}],"about":[{"href":"https:\/\/www.europesays.com\/pt\/wp-json\/wp\/v2\/types\/post"}],"author":[{"embeddable":true,"href":"https:\/\/www.europesays.com\/pt\/wp-json\/wp\/v2\/users\/2"}],"replies":[{"embeddable":true,"href":"https:\/\/www.europesays.com\/pt\/wp-json\/wp\/v2\/comments?post=151188"}],"version-history":[{"count":0,"href":"https:\/\/www.europesays.com\/pt\/wp-json\/wp\/v2\/posts\/151188\/revisions"}],"wp:featuredmedia":[{"embeddable":true,"href":"https:\/\/www.europesays.com\/pt\/wp-json\/wp\/v2\/media\/151189"}],"wp:attachment":[{"href":"https:\/\/www.europesays.com\/pt\/wp-json\/wp\/v2\/media?parent=151188"}],"wp:term":[{"taxonomy":"category","embeddable":true,"href":"https:\/\/www.europesays.com\/pt\/wp-json\/wp\/v2\/categories?post=151188"},{"taxonomy":"post_tag","embeddable":true,"href":"https:\/\/www.europesays.com\/pt\/wp-json\/wp\/v2\/tags?post=151188"}],"curies":[{"name":"wp","href":"https:\/\/api.w.org\/{rel}","templated":true}]}}