{"id":151190,"date":"2025-11-14T00:41:08","date_gmt":"2025-11-14T00:41:08","guid":{"rendered":"https:\/\/www.europesays.com\/pt\/151190\/"},"modified":"2025-11-14T00:41:08","modified_gmt":"2025-11-14T00:41:08","slug":"vou-ser-professor-convidado-na-california-revela-marcelo-observador","status":"publish","type":"post","link":"https:\/\/www.europesays.com\/pt\/151190\/","title":{"rendered":"&#8220;Vou ser professor convidado na Calif\u00f3rnia&#8221;, revela Marcelo \u2013 Observador"},"content":{"rendered":"<p>Marcelo Rebelo de Sousa anunciou esta quinta-feira que, ap\u00f3s deixar o cargo de Presidente da Rep\u00fablica, tenciona ser professor convidado numa universidade da Calif\u00f3rnia e aproveitar para assistir aos Jogos Ol\u00edmpicos de 2028 em Los Angeles.<\/p>\n<p>O chefe de Estado, que falava durante um encontro do Comit\u00e9 Ol\u00edmpico de Portugal, num restaurante em Lisboa, em que condecorou atletas medalhados, referiu que em 2028 ser\u00e1 \u201cum homem livre\u201d e poder\u00e1 viver a experi\u00eancia dos Jogos Ol\u00edmpicos de outra maneira.<\/p>\n<p>\u201cVou ser\u00a0professor convidado na Calif\u00f3rnia e, portanto, junta-se o \u00fatil ao agrad\u00e1vel, que \u00e9 estar\u00a0l\u00e1 a ensinar, convidado, no ano de 2028 e, como imaginam, \u00e9 uma condi\u00e7\u00e3o\u00a0\u00fanica e privilegiada para, com mais tempo, ver mais modalidades e acompanhar mais ainda\u00a0os triunfos dos nossos atletas\u201d, declarou.<\/p>\n<p>No seu discurso, Marcelo Rebelo de Sousa considerou que os Jogos Ol\u00edmpicos de 2028 s\u00e3o \u201cuma aposta\u201d do Governo PSD\/CDS-PP e manifestou a expectativa de que quem lhe suceder na chefia do Estado, a partir de 09 de mar\u00e7o do pr\u00f3ximo, assistir\u00e1 a \u201cum salto enorme na presen\u00e7a\u00a0ol\u00edmpica\u201d de Portugal.<\/p>\n<p>O chefe de Estado referiu que tem falado deste assunto com o primeiro-ministro nas reuni\u00f5es semanais e apontou\u00a0\u201co entusiasmo\u201d\u00a0de Lu\u00eds Montenegro com \u201ca aposta nos Jogos Ol\u00edmpicos de 2028\u201d\u00a0como o sinal \u201cmais forte\u201d de que \u201cquer durar no m\u00ednimo quatro anos\u201d.<\/p>\n<p>\u201cUma aposta, n\u00e3o podemos dizer que \u00e9 a primeira nem que \u00e9 a \u00fanica, outros governos a tiveram,\u00a0para sermos justos. Mas o que \u00e9 facto \u00e9 que \u00e9 uma aposta importante, num momento em que o\u00a0pa\u00eds disp\u00f5e de fundos de que n\u00e3o dispunha no passado\u201d, acrescentou.<\/p>\n<p>Segundo o Presidente da Rep\u00fablica, o executivo pretende aproveitar esses fundos para, \u201cnas infraestruturas, nas condi\u00e7\u00f5es proporcionadas aos atletas, no est\u00edmulo\u00a0das federa\u00e7\u00f5es essenciais, no apoio aos clubes, haver passos significativos, muito\u00a0significativos para 2028\u201d.<\/p>\n","protected":false},"excerpt":{"rendered":"Marcelo Rebelo de Sousa anunciou esta quinta-feira que, ap\u00f3s deixar o cargo de Presidente da Rep\u00fablica, tenciona ser&hellip;\n","protected":false},"author":2,"featured_media":151191,"comment_status":"","ping_status":"","sticky":false,"template":"","format":"standard","meta":{"footnotes":""},"categories":[145],"tags":[624,14442,211,210,114,115,623,588,62,302,32,589,33],"class_list":{"0":"post-151190","1":"post","2":"type-post","3":"status-publish","4":"format-standard","5":"has-post-thumbnail","7":"category-celebridades","8":"tag-amu00e9rica","9":"tag-califu00f3rnia","10":"tag-celebridades","11":"tag-celebrities","12":"tag-entertainment","13":"tag-entretenimento","14":"tag-estados-unidos-da-amu00e9rica","15":"tag-marcelo-rebelo-de-sousa","16":"tag-mundo","17":"tag-polu00edtica","18":"tag-portugal","19":"tag-presidente-da-repu00fablica","20":"tag-pt"},"share_on_mastodon":{"url":"https:\/\/pubeurope.com\/@pt\/115545275333861481","error":""},"_links":{"self":[{"href":"https:\/\/www.europesays.com\/pt\/wp-json\/wp\/v2\/posts\/151190","targetHints":{"allow":["GET"]}}],"collection":[{"href":"https:\/\/www.europesays.com\/pt\/wp-json\/wp\/v2\/posts"}],"about":[{"href":"https:\/\/www.europesays.com\/pt\/wp-json\/wp\/v2\/types\/post"}],"author":[{"embeddable":true,"href":"https:\/\/www.europesays.com\/pt\/wp-json\/wp\/v2\/users\/2"}],"replies":[{"embeddable":true,"href":"https:\/\/www.europesays.com\/pt\/wp-json\/wp\/v2\/comments?post=151190"}],"version-history":[{"count":0,"href":"https:\/\/www.europesays.com\/pt\/wp-json\/wp\/v2\/posts\/151190\/revisions"}],"wp:featuredmedia":[{"embeddable":true,"href":"https:\/\/www.europesays.com\/pt\/wp-json\/wp\/v2\/media\/151191"}],"wp:attachment":[{"href":"https:\/\/www.europesays.com\/pt\/wp-json\/wp\/v2\/media?parent=151190"}],"wp:term":[{"taxonomy":"category","embeddable":true,"href":"https:\/\/www.europesays.com\/pt\/wp-json\/wp\/v2\/categories?post=151190"},{"taxonomy":"post_tag","embeddable":true,"href":"https:\/\/www.europesays.com\/pt\/wp-json\/wp\/v2\/tags?post=151190"}],"curies":[{"name":"wp","href":"https:\/\/api.w.org\/{rel}","templated":true}]}}