{"id":151192,"date":"2025-11-14T00:44:12","date_gmt":"2025-11-14T00:44:12","guid":{"rendered":"https:\/\/www.europesays.com\/pt\/151192\/"},"modified":"2025-11-14T00:44:12","modified_gmt":"2025-11-14T00:44:12","slug":"sexta-na-tv-do-recreio-a-uma-comedia-de-redaccao-televisao","status":"publish","type":"post","link":"https:\/\/www.europesays.com\/pt\/151192\/","title":{"rendered":"Sexta na TV: do Recreio a uma com\u00e9dia de redac\u00e7\u00e3o | Televis\u00e3o"},"content":{"rendered":"<p>CINEMA<\/p>\n<p dir=\"ltr\"><strong><a href=\"https:\/\/cinecartaz.publico.pt\/filme\/recreio-408147\" rel=\"nofollow noopener\" target=\"_blank\">Recreio<\/a><\/strong><br \/><strong>RTP2, 22h56<\/strong><\/p>\n<p dir=\"ltr\">Em competi\u00e7\u00e3o na sec\u00e7\u00e3o Un Certain Regard no Festival de Cinema de Cannes de 2021, onde arrecadou o pr\u00e9mio FIPRESCI, um drama sobre bullying e viol\u00eancia emocional entre crian\u00e7as, com assinatura da realizadora belga Laura Wandel. Nora tem sete anos e regressou \u00e0 escola com Abel, o irm\u00e3o mais velho. Quando ela percebe que ele \u00e9 constantemente atormentado por alguns colegas, quer proteg\u00ea-lo e contar aos pais. Mas ele obriga-a a guardar segredo. A pequena v\u00ea-se assim dividida entre o que considera certo e a lealdade \u00e0 promessa que fez.<\/p>\n<p dir=\"ltr\"><strong><a href=\"https:\/\/cinecartaz.publico.pt\/filme\/so-podiam-ser-irmas-355492\" rel=\"nofollow noopener\" target=\"_blank\">S\u00f3 Podiam Ser Irm\u00e3s<\/a><\/strong><br \/><strong>Star Comedy, 23h34<\/strong><\/p>\n<p dir=\"ltr\">Tina Fey e Amy Poehler encarnam, respectivamente, Kate e Maura, duas irm\u00e3s que ficam em choque quando os pais anunciam a venda da casa de fam\u00edlia. Resolvem ent\u00e3o fazer uma enorme festa em honra do passado. A divers\u00e3o, que j\u00e1 prometia excessos, ganha propor\u00e7\u00f5es inesperadas, com reminisc\u00eancias de quando eram adolescentes. Com realiza\u00e7\u00e3o de Jason Moore e argumento de Paula Pell, esta com\u00e9dia malcomportada conta ainda com actua\u00e7\u00f5es de Maya Rudolph, James Brolin ou Ike Barinholtz.<\/p>\n<p dir=\"ltr\"><strong><a href=\"https:\/\/cinecartaz.publico.pt\/Filme\/183676_o-reino\" rel=\"nofollow noopener\" target=\"_blank\">O Reino<\/a><\/strong><br \/><strong>Star Movies, 2h54<\/strong><\/p>\n<p dir=\"ltr\">Ac\u00e7\u00e3o com Jamie Foxx, Chris Cooper, Jennifer Garner e Jason Bateman, sob a direc\u00e7\u00e3o de Peter Berg. Quando um terrorista detona uma bomba no interior de uma zona residencial americana em Riad (Ar\u00e1bia Saudita), desencadeia-se um incidente internacional. O agente especial do FBI Ronald Fleury re\u00fane uma equipa de elite e negoceia uma viagem com o intuito de localizar o respons\u00e1vel. Assim que aterram, apercebem-se das desconfian\u00e7as das autoridades locais.<\/p>\n<p dir=\"ltr\"><strong>Um Natal Muito Jonas Brothers<\/strong><br \/><strong>Disney+, streaming<\/strong><\/p>\n<p dir=\"ltr\">Estreia. M\u00fasica, um toque c\u00f3mico, uma dose generosa de esp\u00edrito natal\u00edcio e os tr\u00eas Jonas Brothers. \u00c9 nesta f\u00f3rmula que a Disney+ aposta para abrir a quadra festiva. A hist\u00f3ria gira em torno da redescoberta da \u201cmagia\u201d na rela\u00e7\u00e3o entre os irm\u00e3os, \u00e0 medida que tentam regressar \u00e0s suas fam\u00edlias a tempo do Natal e se deparam com obst\u00e1culos nesse caminho entre Londres e Nova Iorque. No elenco, al\u00e9m dos Kevin, Joe e Nick como eles pr\u00f3prios, surgem Chloe Bennet, Billie Lourd, Laverne Cox, KJ Apa ou Andrew Barth Feldman. Os m\u00fasicos Justin Tranter e Kenny G tamb\u00e9m fazem participa\u00e7\u00f5es. A realiza\u00e7\u00e3o \u00e9 de Jessica Yu, segundo um argumento de Isaac Aptaker e Elizabeth Berger.<\/p>\n<p>S\u00c9RIES<\/p>\n<p dir=\"ltr\"><strong>The Paper<\/strong><br \/><strong>SkyShowtime, streaming<\/strong><\/p>\n<p dir=\"ltr\">Estreia. \u00c9 uma das com\u00e9dias mais aguardadas dos \u00faltimos tempos. Greg Daniels, que desenvolveu a vers\u00e3o norte-americana do original brit\u00e2nico The Office, esteve a trabalhar com Michael Koman (Late Night with Conan O\u2019Brien, Nathan for You) e o resultado \u00e9 esta nova sitcom que lhe d\u00e1 seguimento. A equipa de \u201cdocumentaristas\u201d foca-se agora num jornal hist\u00f3rico moribundo. Nessa redac\u00e7\u00e3o, encontramos um rosto comum ao outro escrit\u00f3rio: o contabilista interpretado por Oscar Nu\u00f1ez. Contracena com Domhnall Gleeson (como o editor-chefe que tenta manter o Toledo Truth Teller \u00e0 tona), Sabrina Impacciatore e Chelsea Frei, entre outros. Os tr\u00eas primeiros epis\u00f3dios saem j\u00e1; os restantes, a ritmo semanal. Uma segunda temporada est\u00e1 na calha.<\/p>\n<p dir=\"ltr\"><strong>The Seduction<\/strong><br \/><strong>HBO Max, streaming<\/strong><\/p>\n<p dir=\"ltr\">Estreia-se uma produ\u00e7\u00e3o de \u00e9poca que adapta livremente As Liga\u00e7\u00f5es Perigosas, o romance epistolar que Pierre Choderlos de Laclos escreveu no s\u00e9culo XVIII. Funciona como uma prequela com um toque feminista, propondo \u201cuma emocionante explora\u00e7\u00e3o do pre\u00e7o da liberdade emocional e sexual num mundo onde as mulheres n\u00e3o tinham muito\u201d, revela a plataforma. A realiza\u00e7\u00e3o \u00e9 de Jessica Palud, que torna a juntar for\u00e7as \u00e0 actriz Anamaria Vartolomei, depois do filme <a href=\"https:\/\/cinecartaz.publico.pt\/filme\/maria-schneider-413435\" rel=\"nofollow noopener\" target=\"_blank\">Maria Schneider<\/a>. No elenco encontramos tamb\u00e9m Diane Kruger, Vincent Lacoste, Lucas Bravo e No\u00e9e Abita. Os seis epis\u00f3dios da miniss\u00e9rie francesa s\u00e3o debitados a ritmo semanal.<\/p>\n<p>DOCUMENT\u00c1RIO<\/p>\n<p dir=\"ltr\"><strong>Quem Manda no Mundo?<\/strong><br \/><strong>RTP2, 20h36<\/strong><\/p>\n<p dir=\"ltr\">O controlo dos recursos \u00e9 o tema desta s\u00e9rie documental de quatro epis\u00f3dios onde se \u201cinvestiga a propriedade e a sustentabilidade de elementos vitais que sustentam a nossa vida quotidiana: energia, alimentos, terras e transportes\u201d, resume a RTP. Come\u00e7a nesta sexta e prossegue nas pr\u00f3ximas segunda, quarta e quinta.<\/p>\n","protected":false},"excerpt":{"rendered":"CINEMA RecreioRTP2, 22h56 Em competi\u00e7\u00e3o na sec\u00e7\u00e3o Un Certain Regard no Festival de Cinema de Cannes de 2021,&hellip;\n","protected":false},"author":2,"featured_media":151193,"comment_status":"","ping_status":"","sticky":false,"template":"","format":"standard","meta":{"footnotes":""},"categories":[142],"tags":[470,1413,1414,114,115,294,32,33,291,941,940,218,151],"class_list":{"0":"post-151192","1":"post","2":"type-post","3":"status-publish","4":"format-standard","5":"has-post-thumbnail","7":"category-tv","8":"tag-cinema","9":"tag-cultura-ipsilon","10":"tag-documentario","11":"tag-entertainment","12":"tag-entretenimento","13":"tag-lazer","14":"tag-portugal","15":"tag-pt","16":"tag-relaxar","17":"tag-series","18":"tag-streaming","19":"tag-televisao","20":"tag-tv"},"share_on_mastodon":{"url":"https:\/\/pubeurope.com\/@pt\/115545287257368807","error":""},"_links":{"self":[{"href":"https:\/\/www.europesays.com\/pt\/wp-json\/wp\/v2\/posts\/151192","targetHints":{"allow":["GET"]}}],"collection":[{"href":"https:\/\/www.europesays.com\/pt\/wp-json\/wp\/v2\/posts"}],"about":[{"href":"https:\/\/www.europesays.com\/pt\/wp-json\/wp\/v2\/types\/post"}],"author":[{"embeddable":true,"href":"https:\/\/www.europesays.com\/pt\/wp-json\/wp\/v2\/users\/2"}],"replies":[{"embeddable":true,"href":"https:\/\/www.europesays.com\/pt\/wp-json\/wp\/v2\/comments?post=151192"}],"version-history":[{"count":0,"href":"https:\/\/www.europesays.com\/pt\/wp-json\/wp\/v2\/posts\/151192\/revisions"}],"wp:featuredmedia":[{"embeddable":true,"href":"https:\/\/www.europesays.com\/pt\/wp-json\/wp\/v2\/media\/151193"}],"wp:attachment":[{"href":"https:\/\/www.europesays.com\/pt\/wp-json\/wp\/v2\/media?parent=151192"}],"wp:term":[{"taxonomy":"category","embeddable":true,"href":"https:\/\/www.europesays.com\/pt\/wp-json\/wp\/v2\/categories?post=151192"},{"taxonomy":"post_tag","embeddable":true,"href":"https:\/\/www.europesays.com\/pt\/wp-json\/wp\/v2\/tags?post=151192"}],"curies":[{"name":"wp","href":"https:\/\/api.w.org\/{rel}","templated":true}]}}