{"id":151197,"date":"2025-11-14T00:47:09","date_gmt":"2025-11-14T00:47:09","guid":{"rendered":"https:\/\/www.europesays.com\/pt\/151197\/"},"modified":"2025-11-14T00:47:09","modified_gmt":"2025-11-14T00:47:09","slug":"mundial-2026-todas-as-contas-de-portugal-para-o-apuramento","status":"publish","type":"post","link":"https:\/\/www.europesays.com\/pt\/151197\/","title":{"rendered":"Mundial 2026: todas as contas de Portugal para o apuramento"},"content":{"rendered":"<p>Com a <a href=\"https:\/\/maisfutebol.iol.pt\/jogo\/aominuto\/republicadairlanda\/portugal\/13820863\" target=\"_blank\" rel=\"nofollow noopener\"><strong>derrota por 2-0 ante a Rep\u00fablica da Irlanda<\/strong><\/a>, Portugal adiou para domingo as contas do apuramento para o Mundial 2026. \u00c9 verdade que continua a depender de si e basta a vit\u00f3ria ante a Arm\u00e9nia, mas se n\u00e3o vencer, tem de estar atento ao desfecho do Hungria-Rep\u00fablica da Irlanda.<\/p>\n<p>De recordar que o primeiro crit\u00e9rio de desempate \u00e9 o saldo total de golos, entre marcados e sofridos, e n\u00e3o o confronto direto. A seguir ao saldo total de golos, o que desempata \u00e9 o n\u00famero de golos marcados, algo que pode vir a entrar em jogo mediante o que aconte\u00e7a na \u00faltima jornada.<\/p>\n<p>Cen\u00e1rio a cen\u00e1rio, estas s\u00e3o as contas de Portugal, que recebe a Arm\u00e9nia \u00e0s 14 horas de domingo, no Est\u00e1dio do Drag\u00e3o.<\/p>\n<p><strong>SE GANHAR<\/strong><br \/>&#8211; Portugal apura-se.<\/p>\n<p><strong>SE EMPATAR, APURA-SE SE\u2026<\/strong><br \/>&#8211; A Hungria n\u00e3o ganhar \u00e0 Irlanda.<br \/>&#8211; A Hungria ganhar \u00e0 Irlanda por uma qualquer diferen\u00e7a inferior a tr\u00eas golos (ex: 1-0, 2-0, 3-1, 4-2\u2026).<br \/>&#8211; A Hungria ganhar \u00e0 Irlanda por tr\u00eas golos de diferen\u00e7a, desde que fique com igual ou menor n\u00famero de golos marcados do que Portugal (ex: se Portugal empatar 2-2 e a Hungria ganhar 3-0, neste cen\u00e1rio ambas ficariam com saldo positivo de cinco golos, mas Portugal com 13 marcados e a Hungria com 12. Mas, ficando Portugal 1-1 e a Hungria 3-0, ambas teriam 12-7 no saldo de golos e a\u00ed j\u00e1 entraria o crit\u00e9rio seguinte, que \u00e9 o confronto direto, no qual Portugal tem vantagem).<\/p>\n<p><strong>SE PERDER, APURA-SE SE\u2026<\/strong><br \/>&#8211; O Hungria-Irlanda ficar empatado.<br \/>&#8211; A Irlanda ganhar \u00e0 Hungria, mas n\u00e3o superar Portugal na diferen\u00e7a total de golos\u2026 ou se igualar, n\u00e3o ficar exatamente com o mesmo n\u00famero de golos marcados e sofridos (o que podia acontecer, por exemplo, se a Irlanda vencesse por 5-2 na Hungria e Portugal perdesse 1-0 e, nesse caso, com ambas com saldo de 11-7, a Irlanda beneficiaria do confronto direto). Nesta altura, Portugal tem cinco golos positivos e a Irlanda dois.<\/p>\n<p><strong>CLASSIFICA\u00c7\u00c3O ATUAL<\/strong><br \/>1.\u00ba: PORTUGAL, 10 pontos (11-6 em golos)<br \/>2.\u00ba: Hungria, 8 (9-7)<br \/>3.\u00ba: Irlanda, 7 (6-5)<br \/>4.\u00ba: Arm\u00e9nia, 3 (2-10)<\/p>\n","protected":false},"excerpt":{"rendered":"Com a derrota por 2-0 ante a Rep\u00fablica da Irlanda, Portugal adiou para domingo as contas do apuramento&hellip;\n","protected":false},"author":2,"featured_media":151198,"comment_status":"","ping_status":"","sticky":false,"template":"","format":"standard","meta":{"footnotes":""},"categories":[87],"tags":[18144,32811,135,46,12632,32,33,47,4338,134],"class_list":{"0":"post-151197","1":"post","2":"type-post","3":"status-publish","4":"format-standard","5":"has-post-thumbnail","7":"category-desporto","8":"tag-apuramento","9":"tag-contas-apuramento","10":"tag-desporto","11":"tag-maisfutebol","12":"tag-mundial-2026","13":"tag-portugal","14":"tag-pt","15":"tag-pura-paixao","16":"tag-selecao","17":"tag-sports"},"share_on_mastodon":{"url":"https:\/\/pubeurope.com\/@pt\/115545298907189950","error":""},"_links":{"self":[{"href":"https:\/\/www.europesays.com\/pt\/wp-json\/wp\/v2\/posts\/151197","targetHints":{"allow":["GET"]}}],"collection":[{"href":"https:\/\/www.europesays.com\/pt\/wp-json\/wp\/v2\/posts"}],"about":[{"href":"https:\/\/www.europesays.com\/pt\/wp-json\/wp\/v2\/types\/post"}],"author":[{"embeddable":true,"href":"https:\/\/www.europesays.com\/pt\/wp-json\/wp\/v2\/users\/2"}],"replies":[{"embeddable":true,"href":"https:\/\/www.europesays.com\/pt\/wp-json\/wp\/v2\/comments?post=151197"}],"version-history":[{"count":0,"href":"https:\/\/www.europesays.com\/pt\/wp-json\/wp\/v2\/posts\/151197\/revisions"}],"wp:featuredmedia":[{"embeddable":true,"href":"https:\/\/www.europesays.com\/pt\/wp-json\/wp\/v2\/media\/151198"}],"wp:attachment":[{"href":"https:\/\/www.europesays.com\/pt\/wp-json\/wp\/v2\/media?parent=151197"}],"wp:term":[{"taxonomy":"category","embeddable":true,"href":"https:\/\/www.europesays.com\/pt\/wp-json\/wp\/v2\/categories?post=151197"},{"taxonomy":"post_tag","embeddable":true,"href":"https:\/\/www.europesays.com\/pt\/wp-json\/wp\/v2\/tags?post=151197"}],"curies":[{"name":"wp","href":"https:\/\/api.w.org\/{rel}","templated":true}]}}