{"id":151199,"date":"2025-11-14T00:52:14","date_gmt":"2025-11-14T00:52:14","guid":{"rendered":"https:\/\/www.europesays.com\/pt\/151199\/"},"modified":"2025-11-14T00:52:14","modified_gmt":"2025-11-14T00:52:14","slug":"video-mostra-helicoptero-ucraniano-abatendo-drone-russo-kamikaze-com-ultra-metralhadora","status":"publish","type":"post","link":"https:\/\/www.europesays.com\/pt\/151199\/","title":{"rendered":"V\u00eddeo mostra helic\u00f3ptero ucraniano abatendo drone russo &#8216;kamikaze&#8217; com ultra metralhadora"},"content":{"rendered":"\n<p class=\" content-text__container theme-color-primary-first-letter\" data-track-category=\"Link no Texto\" data-track-links=\"\"> A guerra entre R\u00fassia e Ucr\u00e2nia ganhou novos desdobramentos tecnol\u00f3gicos e t\u00e1ticos nesta quarta-feira. Um helic\u00f3ptero Mi-8 ucraniano abateu um drone russo Shahed-136\/Geran-2 com uma metralhadora rotativa M134 Minigun, em uma a\u00e7\u00e3o filmada e amplamente divulgada nas redes sociais. <\/p>\n<ul class=\"content-unordered-list\">\n<li><strong>Shahed-136:<\/strong> s<a class=\"\" href=\"https:\/\/oglobo.globo.com\/mundo\/noticia\/2024\/04\/14\/shahed-136-saiba-como-funciona-o-drone-iraniano-usado-no-ataque-aereo-a-israel.ghtml\" rel=\"nofollow noopener\" target=\"_blank\">aiba como funciona o drone iraniano usado no ataque a\u00e9reo a Israel<\/a><\/li>\n<\/ul>\n<p class=\" content-text__container \" data-track-category=\"Link no Texto\" data-track-links=\"\"> O v\u00eddeo de 14 segundos mostra o atirador lateral do helic\u00f3ptero disparando contra o drone em pleno voo \u2014 um feito raro que evidencia a adapta\u00e7\u00e3o das for\u00e7as ucranianas diante dos ataques a\u00e9reos intensificados desde 2022. <\/p>\n<p class=\" content-text__container \" data-track-category=\"Link no Texto\" data-track-links=\"\"> Enquanto Kiev avan\u00e7a na defesa a\u00e9rea, Moscou registrou ganhos terrestres. De acordo com o comando militar ucraniano, tropas russas tomaram tr\u00eas povoados na regi\u00e3o de Zaporizhzhia, no sul do pa\u00eds, aproveitando a baixa visibilidade causada pela neblina. <\/p>\n<p class=\" content-text__container \" data-track-category=\"Link no Texto\" data-track-links=\"\"> O general Oleksandr Syrskyi afirmou que as batalhas mais intensas seguem em Pokrovsk, na regi\u00e3o de Donetsk, respons\u00e1vel por quase metade dos confrontos das \u00faltimas 24 horas. <\/p>\n<p class=\" content-text__container \" data-track-category=\"Link no Texto\" data-track-links=\"\"> Mais conhecido como &#8220;drone suicida&#8221;, o modelo Shahed-136 tamb\u00e9m j\u00e1 foi usado em ataques a\u00e9reos a Israel. O artefato de 200 kg tem 3,5 metros de comprimento, asas triangulares com largura de 2,5 metros e pode atingir uma velocidade m\u00e1xima de 185 km\/h. O valor estimado em 2024 era de US$ 20 a 40 mil. Com cota\u00e7\u00e3o do d\u00f3lar na \u00e9poca, no Brasil, o pre\u00e7o chegaria a mais de R$ 200 mil.3 <\/p>\n<p class=\" content-text__container \" data-track-category=\"Link no Texto\" data-track-links=\"\"> Fabricados na R\u00fassia para o uso na guerra contra a Ucr\u00e2nia, onde s\u00e3o batizados de Geran-2o, os Shahed-136 s\u00e3o chamados ainda de drone &#8220;kamikaze&#8221;, j\u00e1 que conseguem levar uma ogiva explosiva e de atingir alvos a at\u00e9 2 mil km. Eles tamb\u00e9m t\u00eam a capacidade de esperar ao redor do alvo at\u00e9 que recebam a instru\u00e7\u00e3o para mergulhar e explodirem no impacto. <\/p>\n","protected":false},"excerpt":{"rendered":"A guerra entre R\u00fassia e Ucr\u00e2nia ganhou novos desdobramentos tecnol\u00f3gicos e t\u00e1ticos nesta quarta-feira. Um helic\u00f3ptero Mi-8 ucraniano&hellip;\n","protected":false},"author":2,"featured_media":151200,"comment_status":"","ping_status":"","sticky":false,"template":"","format":"standard","meta":{"footnotes":""},"categories":[50],"tags":[27,28,15,16,319,14,25,26,21,22,62,12,13,19,20,23,24,318,17,18,29,30,31,63,64,65],"class_list":{"0":"post-151199","1":"post","2":"type-post","3":"status-publish","4":"format-standard","5":"has-post-thumbnail","7":"category-mundo","8":"tag-breaking-news","9":"tag-breakingnews","10":"tag-featured-news","11":"tag-featurednews","12":"tag-hard-news","13":"tag-headlines","14":"tag-latest-news","15":"tag-latestnews","16":"tag-main-news","17":"tag-mainnews","18":"tag-mundo","19":"tag-news","20":"tag-noticias","21":"tag-noticias-principais","22":"tag-noticiasprincipais","23":"tag-principais-noticias","24":"tag-principaisnoticias","25":"tag-radar","26":"tag-top-stories","27":"tag-topstories","28":"tag-ultimas","29":"tag-ultimas-noticias","30":"tag-ultimasnoticias","31":"tag-world","32":"tag-world-news","33":"tag-worldnews"},"share_on_mastodon":{"url":"https:\/\/pubeurope.com\/@pt\/115545318462677255","error":""},"_links":{"self":[{"href":"https:\/\/www.europesays.com\/pt\/wp-json\/wp\/v2\/posts\/151199","targetHints":{"allow":["GET"]}}],"collection":[{"href":"https:\/\/www.europesays.com\/pt\/wp-json\/wp\/v2\/posts"}],"about":[{"href":"https:\/\/www.europesays.com\/pt\/wp-json\/wp\/v2\/types\/post"}],"author":[{"embeddable":true,"href":"https:\/\/www.europesays.com\/pt\/wp-json\/wp\/v2\/users\/2"}],"replies":[{"embeddable":true,"href":"https:\/\/www.europesays.com\/pt\/wp-json\/wp\/v2\/comments?post=151199"}],"version-history":[{"count":0,"href":"https:\/\/www.europesays.com\/pt\/wp-json\/wp\/v2\/posts\/151199\/revisions"}],"wp:featuredmedia":[{"embeddable":true,"href":"https:\/\/www.europesays.com\/pt\/wp-json\/wp\/v2\/media\/151200"}],"wp:attachment":[{"href":"https:\/\/www.europesays.com\/pt\/wp-json\/wp\/v2\/media?parent=151199"}],"wp:term":[{"taxonomy":"category","embeddable":true,"href":"https:\/\/www.europesays.com\/pt\/wp-json\/wp\/v2\/categories?post=151199"},{"taxonomy":"post_tag","embeddable":true,"href":"https:\/\/www.europesays.com\/pt\/wp-json\/wp\/v2\/tags?post=151199"}],"curies":[{"name":"wp","href":"https:\/\/api.w.org\/{rel}","templated":true}]}}