{"id":151206,"date":"2025-11-14T01:02:57","date_gmt":"2025-11-14T01:02:57","guid":{"rendered":"https:\/\/www.europesays.com\/pt\/151206\/"},"modified":"2025-11-14T01:02:57","modified_gmt":"2025-11-14T01:02:57","slug":"homem-aranha-e-justiceiro-aparecem-juntos-nas-filmagens-de-longa-da-marvel","status":"publish","type":"post","link":"https:\/\/www.europesays.com\/pt\/151206\/","title":{"rendered":"Homem-Aranha e Justiceiro aparecem juntos nas filmagens de longa da Marvel"},"content":{"rendered":"<p>Novas imagens do set de\u00a0Homem-Aranha: Um Novo Dia, pr\u00f3ximo filme do Universo Cinematogr\u00e1fico da Marvel, revelam o encontro in\u00e9dito entre o Homem-Aranha de Tom Holland e o Justiceiro de Jon Bernthal.<\/p>\n<p>As fotos, divulgadas por perfis de f\u00e3s no Instagram, mostram Peter Parker agachado \u00e0 frente do caminh\u00e3o do Justiceiro, enquanto Frank Castle aponta uma arma diretamente para ele, sugerindo um embate tenso entre os her\u00f3is.<\/p>\n<p>O longa marcar\u00e1 a estreia do Justiceiro nos filmes do MCU, ap\u00f3s sua apari\u00e7\u00e3o nas s\u00e9ries da Netflix e no revival\u00a0Demolidor: Renascido. O Justiceiro, conhecido por seus m\u00e9todos brutais, promete trazer uma nova din\u00e2mica \u00e0 jornada de Peter Parker.<\/p>\n<p>Confira as imagens:<\/p>\n<blockquote class=\"instagram-media\" data-instgrm-captioned=\"\" data-instgrm-permalink=\"https:\/\/www.instagram.com\/p\/DNZJGapJhQE\/?utm_source=ig_embed&amp;utm_campaign=loading\" data-instgrm-version=\"14\" style=\" background:#FFF; border:0; border-radius:3px; box-shadow:0 0 1px 0 rgba(0,0,0,0.5),0 1px 10px 0 rgba(0,0,0,0.15); margin: 1px; max-width:540px; min-width:326px; padding:0; width:99.375%; width:-webkit-calc(100% - 2px); width:calc(100% - 2px);\"\/>\n<blockquote class=\"instagram-media\" data-instgrm-captioned=\"\" data-instgrm-permalink=\"https:\/\/www.instagram.com\/p\/DQUjs_kiebF\/?utm_source=ig_embed&amp;utm_campaign=loading\" data-instgrm-version=\"14\" style=\" background:#FFF; border:0; border-radius:3px; box-shadow:0 0 1px 0 rgba(0,0,0,0.5),0 1px 10px 0 rgba(0,0,0,0.15); margin: 1px; max-width:540px; min-width:326px; padding:0; width:99.375%; width:-webkit-calc(100% - 2px); width:calc(100% - 2px);\"\/>\n<p>Sobre o filme<\/p>\n<p>O Universo Cinematogr\u00e1fico da Marvel se prepara para dar um novo rumo \u00e0 hist\u00f3ria do Homem-Aranha. Homem-Aranha: Um Novo Dia, pr\u00f3ximo longa estrelado por Tom Holland, chega aos cinemas em 30 de julho de 2026 e promete marcar o in\u00edcio de uma nova fase para Peter Parker \u2014 agora mais maduro e isolado, ap\u00f3s os eventos de Sem Volta Para Casa (2021).<\/p>\n<p>Dirigido por Destin Daniel Cretton (Shang-Chi e a Lenda dos Dez An\u00e9is), o filme ser\u00e1 o primeiro do her\u00f3i dentro da Fase 6 do MCU e aposta em um tom de \u201crecome\u00e7o\u201d inspirado na famosa saga dos quadrinhos lan\u00e7ada em 2008. Segundo Holland, essa nova hist\u00f3ria \u201cn\u00e3o parece o quarto filme\u201d, mas \u201cum renascimento completo do personagem\u201d.<\/p>\n<p>Al\u00e9m de Holland, o elenco conta com Zendaya (MJ), Jacob Batalon (Ned), Sadie Sink em um papel ainda mantido em sigilo, Jon Bernthal como o Justiceiro, personagem que deve cruzar o caminho de Peter em uma trama repleta de a\u00e7\u00e3o e moralidade, e Michael Mando, que retorna como o vil\u00e3o Escorpi\u00e3o ap\u00f3s 8 anos. H\u00e1 rumores de que o criminoso Tombstone (L\u00e1pide, nos quadrinhos) tamb\u00e9m ser\u00e1 introduzido como antagonista secund\u00e1rio.<\/p>\n<p>As filmagens come\u00e7aram em agosto de 2025 e est\u00e3o sendo realizadas principalmente no Reino Unido. O longa promete um visual mais realista, com loca\u00e7\u00f5es externas e menos depend\u00eancia de efeitos digitais, em contraste com o clima de est\u00fadio de Sem Volta Para Casa.<\/p>\n<p>Inspirado em um arco que redefiniu os quadrinhos do her\u00f3i, Homem-Aranha: Um Novo Dia deve mostrar Peter Parker tentando reconstruir sua vida depois que o mundo esqueceu quem ele \u00e9. Entre novos desafios e antigos inimigos, o filme promete equilibrar drama, a\u00e7\u00e3o e nostalgia \u2014 abrindo espa\u00e7o para uma nova era do her\u00f3i dentro da Marvel.<\/p>\n<p>Homem-Aranha: Um Novo Dia estreia em 30 de julho de 2026 nos cinemas brasileiros.<a href=\"https:\/\/betespecial.bet.br\/cadastro\" target=\"_blank\" rel=\"noreferrer noopener nofollow\"><\/p>\n<p>O post <a rel=\"nofollow noopener\" href=\"https:\/\/observatoriodocinema.com.br\/studio\/marvel\/homem-aranha-e-justiceiro-aparecem-juntos-nas-filmagens-de-longa-da-marvel\/\" target=\"_blank\">Homem-Aranha e Justiceiro aparecem juntos nas filmagens de longa da Marvel<\/a> apareceu primeiro em <a rel=\"nofollow noopener\" href=\"https:\/\/observatoriodocinema.com.br\" target=\"_blank\">Observat\u00f3rio do Cinema<\/a>.<\/p>\n<p>            <script async src=\"\/\/www.instagram.com\/embed.js\"><\/script><\/p>\n","protected":false},"excerpt":{"rendered":"Novas imagens do set de\u00a0Homem-Aranha: Um Novo Dia, pr\u00f3ximo filme do Universo Cinematogr\u00e1fico da Marvel, revelam o encontro&hellip;\n","protected":false},"author":2,"featured_media":151207,"comment_status":"","ping_status":"","sticky":false,"template":"","format":"standard","meta":{"footnotes":""},"categories":[140],"tags":[114,115,147,148,146,32,33],"class_list":{"0":"post-151206","1":"post","2":"type-post","3":"status-publish","4":"format-standard","5":"has-post-thumbnail","7":"category-filmes","8":"tag-entertainment","9":"tag-entretenimento","10":"tag-film","11":"tag-filmes","12":"tag-movies","13":"tag-portugal","14":"tag-pt"},"share_on_mastodon":{"url":"https:\/\/pubeurope.com\/@pt\/115545361805056623","error":""},"_links":{"self":[{"href":"https:\/\/www.europesays.com\/pt\/wp-json\/wp\/v2\/posts\/151206","targetHints":{"allow":["GET"]}}],"collection":[{"href":"https:\/\/www.europesays.com\/pt\/wp-json\/wp\/v2\/posts"}],"about":[{"href":"https:\/\/www.europesays.com\/pt\/wp-json\/wp\/v2\/types\/post"}],"author":[{"embeddable":true,"href":"https:\/\/www.europesays.com\/pt\/wp-json\/wp\/v2\/users\/2"}],"replies":[{"embeddable":true,"href":"https:\/\/www.europesays.com\/pt\/wp-json\/wp\/v2\/comments?post=151206"}],"version-history":[{"count":0,"href":"https:\/\/www.europesays.com\/pt\/wp-json\/wp\/v2\/posts\/151206\/revisions"}],"wp:featuredmedia":[{"embeddable":true,"href":"https:\/\/www.europesays.com\/pt\/wp-json\/wp\/v2\/media\/151207"}],"wp:attachment":[{"href":"https:\/\/www.europesays.com\/pt\/wp-json\/wp\/v2\/media?parent=151206"}],"wp:term":[{"taxonomy":"category","embeddable":true,"href":"https:\/\/www.europesays.com\/pt\/wp-json\/wp\/v2\/categories?post=151206"},{"taxonomy":"post_tag","embeddable":true,"href":"https:\/\/www.europesays.com\/pt\/wp-json\/wp\/v2\/tags?post=151206"}],"curies":[{"name":"wp","href":"https:\/\/api.w.org\/{rel}","templated":true}]}}