{"id":15121,"date":"2025-08-04T05:41:48","date_gmt":"2025-08-04T05:41:48","guid":{"rendered":"https:\/\/www.europesays.com\/pt\/15121\/"},"modified":"2025-08-04T05:41:48","modified_gmt":"2025-08-04T05:41:48","slug":"especialista-da-dicas-para-observar-chuva-de-meteoros-prevista-para-agosto-g1","status":"publish","type":"post","link":"https:\/\/www.europesays.com\/pt\/15121\/","title":{"rendered":"Especialista d\u00e1 dicas para observar chuva de meteoros prevista para agosto &#8211; G1"},"content":{"rendered":"<ol>\n<li><a href=\"https:\/\/news.google.com\/rss\/articles\/CBMi2wFBVV95cUxOUEtYbm4tZm0wSUs5RDVYUno5XzVXd2hmVm5YYzhvZVJuTy14Zl9VTzY3UFR4ajNublpscGhwWXJDcFJLaWdlT3RKc1VZU01fdWFseVNESXlhOVptNVloVHJKOFZDV3JMbjBUNzMzc1p5WGZwU0VWblpXQU5ublpxbm1DS01vUjMxMVBrV2tWdzMzUlJtWUJMb0ZKdDlheVdDSHBXMHFwYUVySlJZVUF0S3dycEtxYk9JdDZBUzFqeU5vMTBLQ19NbVZYcExzZzBtLTlVekw4QjcyOG_SAeoBQVVfeXFMUHpTMkt4c3d5V0owdWIzOUpxRmRSUVFhc3l0NERQQVNNMmNHUjQ3QzVuNzgtbXV2blprb2c2MGtGQTZYTVllSlozV3E0S2VoWWx4ZkVSYkhPTXFxWGJzbUtZakoxNnBaMG10VVpPS3hYSGVGX09MZnRRYmNxbnhRMXgtWjd3X2xHU1VSTmxHUjdiLTBjX0tvYTZ1NzVBYzRDMUQzVlluaXFLX180MjRTSC1zTzF2NFV3dWxjdEg5VFo0U1N3bmJLT0NURjlLTzZ0LWVFaWJVMnNLVGt1ZFp0NW5YRDRneG05Ul93?oc=5\" target=\"_blank\" rel=\"nofollow noopener\">Especialista d\u00e1 dicas para observar chuva de meteoros prevista para agosto<\/a>&nbsp;&nbsp;G1<\/li>\n<li><a href=\"https:\/\/news.google.com\/rss\/articles\/CBMi0AFBVV95cUxQRkpMMkJSZnZicTdXS2ltek5MRzRLbWpmNGdxZnZKdnc3Y193U2RnY1VYbzJhOWI1dk5rRXlOQVJnZDdNSWtjbzgwMkFnazg2VGhZN3JpZXVGd1lGU0tBb080TGh5OEZQU3lTR19TSXRILWJLdFhPS0xEaUs3d09DbFZ5dWNLTDhrU2RtVDc3Z0VwTVFaNEJjVHJkd3VIVkdKV1M5M2dRbDlkQjB3c2hKYzB5YWU5U1NFQ2RQQ2FEb1NWWnpHRF9HMUlHdzkyS0dR?oc=5\" target=\"_blank\" rel=\"nofollow noopener\">Chuva de meteoros e maior foguete do mundo no Calend\u00e1rio Astron\u00f4mico de agosto<\/a>&nbsp;&nbsp;Olhar Digital<\/li>\n<li><a href=\"https:\/\/news.google.com\/rss\/articles\/CBMi2wFBVV95cUxON2lIcmprNTNnYVZFTEVHcU9vbXQzeHpJVVRhT2lWM3Vpa0R6R1JwY3ZSR2M1RVJtVDc1dHF5TExDMjZ3ci1PVzFqVFJqQUlIZHYyVWd3aHNTT21waW9hcFFzV01FY0Q3dUZxZl91N2FKYmpNNklLTkpGZnBEdE9hcU1Cb083Z3VibURWdm5sTEo1Sm5nWUZtMWE2eHVRQXY4azJ4WTFqMm1wYVgza0lpdkRZY0VPYnduTHlNUndHR1lZNkliWWxVTFRzUFFJSHJmUWlfVmtXMi1TUjjSAeABQVVfeXFMT0ZQcEY3Tk5FejJGelFzR0tmQnd2em9RVS1oSXFoaHpTejBYcVZZNE9TVjNTQnN3YmcyLTVVRlhiMThFTHJkR2xObkRBQjBGdzhOTmZ1c09fTnoxNkVkNU9ibjh5Qk9NUzJINWxKV3lQMTVCWXktalN1aHQ0b1Q4Z3A0Q0QzdWRkTXFieXJvWTI2Yy1yd2FTWFlUbXdRQmRlVzZ0TE13bGotQlFJVU5jR0pCZUZKLXo4R0ZqdEhHTnNEVTlIbVN6clVwWmdoVlhiX3A4U1I3Zy1jTmFjc0VrdDY?oc=5\" target=\"_blank\" rel=\"nofollow noopener\">Agosto ter\u00e1 raro alinhamento de planetas e chuva de meteoros; confira<\/a>&nbsp;&nbsp;Correio Braziliense<\/li>\n<li><a href=\"https:\/\/news.google.com\/rss\/articles\/CBMi5AFBVV95cUxONTNOQk13R0dqclJQYlFnMThWWkJoMXBTRWltc2R0YTVlaHZMWnROUTVZQ2JnMUtpWGNKVURuOXlOamFOazRodzRhREpibjhxTmkxZG1IX1ZPNFk2cUdHWUZ5Y2xYOU9xZkpJVWlkamMwek5nUTlfRGRycF9vTEFiSTdFZFJuWjdSTlFUYXA0X1RUbFh0ekhPYmQ5NEMzMk1hZEZ2Wm1tb1dhYTdLb0xDSllodjJFeGFZRnRCSFBiemRxOGxsX1E0VzFfdjYtb0Vzd3ptekowMldadVpaUGNfV19SdWg?oc=5\" target=\"_blank\" rel=\"nofollow noopener\">C\u00e9u de agosto tem chuva de meteoros Perseidas e conjun\u00e7\u00f5es celestes<\/a>&nbsp;&nbsp;MSN<\/li>\n<li><a href=\"https:\/\/news.google.com\/rss\/articles\/CBMia0FVX3lxTE1SdWpTS1JZZ2NHalJIcG42ZGhRWTQ4aDU4RjZhQjZoZGpQZkhNdm1ZbnJtVVV2N2ZBcjJRQU1TRkRXd1dZMW5BZnN2SmdWQ0NEdF9jTkhBQjJiTDVzeVBDUzg5WVpfRWx2MFo0?oc=5\" target=\"_blank\" rel=\"nofollow noopener\">Astronomia: O c\u00e9u de agosto de 2025<\/a>&nbsp;&nbsp;Antena Livre<\/li>\n<\/ol>\n","protected":false},"excerpt":{"rendered":"Especialista d\u00e1 dicas para observar chuva de meteoros prevista para agosto&nbsp;&nbsp;G1 Chuva de meteoros e maior foguete do&hellip;\n","protected":false},"author":2,"featured_media":15122,"comment_status":"","ping_status":"","sticky":false,"template":"","format":"standard","meta":{"footnotes":""},"categories":[84],"tags":[109,107,108,32,33,105,103,104,106,110],"class_list":{"0":"post-15121","1":"post","2":"type-post","3":"status-publish","4":"format-standard","5":"has-post-thumbnail","7":"category-ciencia-e-tecnologia","8":"tag-ciencia","9":"tag-ciencia-e-tecnologia","10":"tag-cienciaetecnologia","11":"tag-portugal","12":"tag-pt","13":"tag-science","14":"tag-science-and-technology","15":"tag-scienceandtechnology","16":"tag-technology","17":"tag-tecnologia"},"share_on_mastodon":{"url":"","error":""},"_links":{"self":[{"href":"https:\/\/www.europesays.com\/pt\/wp-json\/wp\/v2\/posts\/15121","targetHints":{"allow":["GET"]}}],"collection":[{"href":"https:\/\/www.europesays.com\/pt\/wp-json\/wp\/v2\/posts"}],"about":[{"href":"https:\/\/www.europesays.com\/pt\/wp-json\/wp\/v2\/types\/post"}],"author":[{"embeddable":true,"href":"https:\/\/www.europesays.com\/pt\/wp-json\/wp\/v2\/users\/2"}],"replies":[{"embeddable":true,"href":"https:\/\/www.europesays.com\/pt\/wp-json\/wp\/v2\/comments?post=15121"}],"version-history":[{"count":0,"href":"https:\/\/www.europesays.com\/pt\/wp-json\/wp\/v2\/posts\/15121\/revisions"}],"wp:featuredmedia":[{"embeddable":true,"href":"https:\/\/www.europesays.com\/pt\/wp-json\/wp\/v2\/media\/15122"}],"wp:attachment":[{"href":"https:\/\/www.europesays.com\/pt\/wp-json\/wp\/v2\/media?parent=15121"}],"wp:term":[{"taxonomy":"category","embeddable":true,"href":"https:\/\/www.europesays.com\/pt\/wp-json\/wp\/v2\/categories?post=15121"},{"taxonomy":"post_tag","embeddable":true,"href":"https:\/\/www.europesays.com\/pt\/wp-json\/wp\/v2\/tags?post=15121"}],"curies":[{"name":"wp","href":"https:\/\/api.w.org\/{rel}","templated":true}]}}