{"id":151214,"date":"2025-11-14T01:19:23","date_gmt":"2025-11-14T01:19:23","guid":{"rendered":"https:\/\/www.europesays.com\/pt\/151214\/"},"modified":"2025-11-14T01:19:23","modified_gmt":"2025-11-14T01:19:23","slug":"de-volta-para-o-ex-carolina-braga-quebra-o-silencio","status":"publish","type":"post","link":"https:\/\/www.europesays.com\/pt\/151214\/","title":{"rendered":"De volta para o &#8220;ex&#8221;? Carolina Braga quebra o sil\u00eancio!"},"content":{"rendered":"<p>Carolina Braga e o ex-namorado, Diogo Ramos, podem ter-se reconciliado. A not\u00edcia foi avan\u00e7ada pela TV 7 Dias e n\u00e3o foi desmentida pela finalista do &#8220;<a href=\"https:\/\/tvi.iol.pt\/bigbrother\/\" target=\"_blank\" rel=\"nofollow noopener\">Big Brother<\/a> 2025&#8243;.<\/p>\n<p>Numa mensagem publicada no Instagram, ap\u00f3s um contacto por parte da SELFIE, <a href=\"https:\/\/selfie.iol.pt\/famosos\/big-brother\/big-brother-carolina-braga-ataca-ex-concorrente-quando-me-mandaste-mensagem-o-silencio-ja-era-resposta-desculpa-ter-te-marcado-tanto\/20251025\/68fce5a0d34e58bc67974e02\" target=\"_blank\" rel=\"nofollow noopener\">Carolina Braga<\/a> deixou no ar que, de facto, voltou para os bra\u00e7os do anterior companheiro.<\/p>\n<p>&#8220;Entrei num programa de televis\u00e3o h\u00e1 alguns meses, numa fase diferente da minha vida &#8211; e, desde ent\u00e3o, muita coisa mudou. Foram experi\u00eancias intensas, aprendizagens e, claro, alguns cap\u00edtulos que se fecharam para que outros pudessem come\u00e7ar. A vida seguiu o seu rumo, com escolhas feitas de consci\u00eancia tranquila&#8221;, come\u00e7ou por escrever a ex-concorrente do reality show da <a href=\"https:\/\/tvi.iol.pt\/\" target=\"_blank\" rel=\"nofollow noopener\">TVI<\/a>, afirmando: &#8220;Algumas situa\u00e7\u00f5es tornaram-se p\u00fablicas, outras n\u00e3o &#8211; e est\u00e1 tudo certo. Partilho apenas o que quero e \u00e9 da\u00ed que tiram qualquer informa\u00e7\u00e3o. A vida levou-me de volta a quem sempre me fez bem &#8211; e isso basta para eu estar em paz e feliz.&#8221;<\/p>\n<p>&#8220;Dito isto, a quem gosta de mim: est\u00e1 tudo bem. Estou muito feliz e sempre na companhia que escolho ter. Quando achar que faz sentido partilhar mais, f\u00e1-lo-ei com todo o gosto&#8221;, prometeu Carolina Braga, rematando com um\u00a0emoji em forma de cora\u00e7\u00e3o.<\/p>\n<p>Recorde-se que, na casa mais vigiada do Pa\u00eds, <a href=\"https:\/\/selfie.iol.pt\/famosos\/big-brother\/carolina-braga-internada-de-urgencia-finalista-do-big-brother-submetida-a-cirurgia\/20251103\/6908d131d34e2bd5c6d391d9\" target=\"_blank\" rel=\"nofollow noopener\">Carolina Braga<\/a> apaixonou-se por Diogo Bordin. Poucas semanas depois do fim do programa, o casal anunciou a separa\u00e7\u00e3o.<\/p>\n<p style=\"text-align:center\"><img loading=\"lazy\" decoding=\"async\" alt=\"\" height=\"889\" src=\"https:\/\/www.europesays.com\/pt\/wp-content\/uploads\/2025\/11\/691603b1d34e3caad84b401b.webp\" width=\"500\"\/><\/p>\n<p>\u00a0<\/p>\n","protected":false},"excerpt":{"rendered":"Carolina Braga e o ex-namorado, Diogo Ramos, podem ter-se reconciliado. A not\u00edcia foi avan\u00e7ada pela TV 7 Dias&hellip;\n","protected":false},"author":2,"featured_media":126461,"comment_status":"","ping_status":"","sticky":false,"template":"","format":"standard","meta":{"footnotes":""},"categories":[142],"tags":[6308,6812,48,6810,2072,32813,114,115,29277,32812,980,1015,619,7399,32,33,1014,1012,151,162],"class_list":{"0":"post-151214","1":"post","2":"type-post","3":"status-publish","4":"format-standard","5":"has-post-thumbnail","7":"category-tv","8":"tag-bb","9":"tag-bb2025","10":"tag-big-brother","11":"tag-big-brother-2025","12":"tag-carolina-braga","13":"tag-diogo-ramos","14":"tag-entertainment","15":"tag-entretenimento","16":"tag-ex","17":"tag-ex-namorado","18":"tag-famosos","19":"tag-instagram","20":"tag-nacional","21":"tag-namorado","22":"tag-portugal","23":"tag-pt","24":"tag-reality-show","25":"tag-selfie","26":"tag-tv","27":"tag-tvi"},"share_on_mastodon":{"url":"https:\/\/pubeurope.com\/@pt\/115545425103708986","error":""},"_links":{"self":[{"href":"https:\/\/www.europesays.com\/pt\/wp-json\/wp\/v2\/posts\/151214","targetHints":{"allow":["GET"]}}],"collection":[{"href":"https:\/\/www.europesays.com\/pt\/wp-json\/wp\/v2\/posts"}],"about":[{"href":"https:\/\/www.europesays.com\/pt\/wp-json\/wp\/v2\/types\/post"}],"author":[{"embeddable":true,"href":"https:\/\/www.europesays.com\/pt\/wp-json\/wp\/v2\/users\/2"}],"replies":[{"embeddable":true,"href":"https:\/\/www.europesays.com\/pt\/wp-json\/wp\/v2\/comments?post=151214"}],"version-history":[{"count":0,"href":"https:\/\/www.europesays.com\/pt\/wp-json\/wp\/v2\/posts\/151214\/revisions"}],"wp:featuredmedia":[{"embeddable":true,"href":"https:\/\/www.europesays.com\/pt\/wp-json\/wp\/v2\/media\/126461"}],"wp:attachment":[{"href":"https:\/\/www.europesays.com\/pt\/wp-json\/wp\/v2\/media?parent=151214"}],"wp:term":[{"taxonomy":"category","embeddable":true,"href":"https:\/\/www.europesays.com\/pt\/wp-json\/wp\/v2\/categories?post=151214"},{"taxonomy":"post_tag","embeddable":true,"href":"https:\/\/www.europesays.com\/pt\/wp-json\/wp\/v2\/tags?post=151214"}],"curies":[{"name":"wp","href":"https:\/\/api.w.org\/{rel}","templated":true}]}}