{"id":151215,"date":"2025-11-14T01:20:15","date_gmt":"2025-11-14T01:20:15","guid":{"rendered":"https:\/\/www.europesays.com\/pt\/151215\/"},"modified":"2025-11-14T01:20:15","modified_gmt":"2025-11-14T01:20:15","slug":"grammy-latino-veja-os-looks-dos-famosos-para-o-evento-internacional","status":"publish","type":"post","link":"https:\/\/www.europesays.com\/pt\/151215\/","title":{"rendered":"Grammy Latino: Veja os looks dos famosos para o evento internacional"},"content":{"rendered":"<p>Nesta quinta-feira, 13, a cidade de Las Vegas recebeu estrelas da m\u00fasica internacional para mais uma edi\u00e7\u00e3o do Grammy Latino. A cerim\u00f4nia de premia\u00e7\u00e3o aconteceu na MGM Arena Garden e v\u00e1rios brasileiros estiveram por l\u00e1. Tanto que os looks deslumbrantes chamaram a aten\u00e7\u00e3o.<\/p>\n<p><a href=\"https:\/\/caras.com.br\/tags\/ana-castela\" rel=\"nofollow noopener\" target=\"_blank\"><strong>Ana Castel<\/strong><\/a>a surgiu no evento com um modelito branco de boiadeira, com direito a franjas longas, brilho, chap\u00e9u e botas de cano alto. Por sua vez, a cantora <a href=\"https:\/\/caras.com.br\/tags\/liniker\" rel=\"nofollow noopener\" target=\"_blank\"><strong>Liniker<\/strong><\/a> escolheu um vestido marrom de gala com fenda profunda.<\/p>\n<p>A cantora <a href=\"https:\/\/caras.com.br\/tags\/marina-sena\" rel=\"nofollow noopener\" target=\"_blank\"><strong>Marina Sena<\/strong><\/a> apostou em um pratinho nada b\u00e1sico, que tinha babados, fenda poderosa e recortes estrat\u00e9gicos. Enquanto isso, a apresentadora <a href=\"https:\/\/caras.com.br\/tags\/kenya-sade\" rel=\"nofollow noopener\" target=\"_blank\"><strong>Kenya Sade<\/strong><\/a> surgiu com um conjunto vermelho de cal\u00e7a e blusa elegante.<\/p>\n<p>A cantora <strong>Priscila Senna<\/strong> encantou com um deslumbrante vestido assinado pelo estilista internacional David Koma London. O look se completa com casaco Saint Laurent e joias avaliadas em 1 milh\u00e3o de reais, cria\u00e7\u00e3o da S\u00e9via Joias, refer\u00eancia em alta joalheria brasileira. A beleza da artista teve assinatura de Well Dias, respons\u00e1vel pela maquiagem, e Leoni, que cuidou do penteado.<\/p>\n<p>\t Veja as fotos: <img loading=\"lazy\" decoding=\"async\" class=\"wp-image-1031029 size-full img-fluid lazy\" alt=\"Ana Castela - Foto: Reprodu\u00e7\u00e3o \/ Instagram\" width=\"872\" height=\"1310\" src=\"https:\/\/www.europesays.com\/pt\/wp-content\/uploads\/2025\/11\/ana-castela-look.jpg\"  \/>ScreenshotAna Castela \u2013 Foto: Reprodu\u00e7\u00e3o \/ Instagram <img loading=\"lazy\" decoding=\"async\" class=\"wp-image-1031095 size-full img-fluid lazy\" alt=\"Priscila Senna - Foto: @raulbittencourtt\" width=\"1024\" height=\"1280\" src=\"https:\/\/www.europesays.com\/pt\/wp-content\/uploads\/2025\/11\/WhatsApp-Image-2025-11-13-at-20.14.06.jpeg\"  \/>Priscila Senna \u2013 Foto: @raulbittencourtt <img loading=\"lazy\" decoding=\"async\" class=\"wp-image-1031030 size-full img-fluid lazy\" alt=\"Marina Sena - Foto: Reprodu\u00e7\u00e3o \/ Instagram\" width=\"854\" height=\"1290\" src=\"https:\/\/www.europesays.com\/pt\/wp-content\/uploads\/2025\/11\/marina-sena-look.jpg\"  \/>Marina Sena \u2013 Foto: Reprodu\u00e7\u00e3o \/ Instagram <\/p>\n<blockquote class=\"instagram-media\" style=\"background: #FFF; border: 0; border-radius: 3px; box-shadow: 0 0 1px 0 rgba(0,0,0,0.5),0 1px 10px 0 rgba(0,0,0,0.15); margin: 1px; max-width: 540px; min-width: 326px; padding: 0; width: calc(100% - 2px);\" data-instgrm-captioned=\"\" data-instgrm-permalink=\"https:\/\/www.instagram.com\/p\/DRAqHnvDgrr\/?utm_source=ig_embed&amp;utm_campaign=loading\" data-instgrm-version=\"14\"><\/blockquote>\n<blockquote class=\"instagram-media\" style=\"background: #FFF; border: 0; border-radius: 3px; box-shadow: 0 0 1px 0 rgba(0,0,0,0.5),0 1px 10px 0 rgba(0,0,0,0.15); margin: 1px; max-width: 540px; min-width: 326px; padding: 0; width: calc(100% - 2px);\" data-instgrm-captioned=\"\" data-instgrm-permalink=\"https:\/\/www.instagram.com\/p\/DRAk17YjxBS\/?utm_source=ig_embed&amp;utm_campaign=loading\" data-instgrm-version=\"14\"><\/blockquote>\n<p>  <img loading=\"lazy\" decoding=\"async\" class=\"wp-image-1031036 size-full img-fluid lazy\" alt=\"Carol Biazin - Foto: @stefflima\" width=\"1280\" height=\"1600\" src=\"https:\/\/www.europesays.com\/pt\/wp-content\/uploads\/2025\/11\/WhatsApp-Image-2025-11-13-at-18.20.27.jpeg\"  \/>Carol Biazin \u2013 Foto: @stefflima <\/p>\n<p><strong>Leia tamb\u00e9m<\/strong>: <a href=\"https:\/\/caras.com.br\/musica\/ana-castela-lamenta-derrota-no-grammy-e-ze-felipe-consola-a-namorada.phtml\" rel=\"nofollow noopener\" target=\"_blank\">Ana Castela lamenta derrota no Grammy e Z\u00e9 Felipe consola a namorada<\/a><\/p>\n<p> Veja a lista dos indicados ao Grammy Latino 2025: Grava\u00e7\u00e3o do Ano <\/p>\n<p>\u201cBaile Inolvidable\u201d \u2013 Bad Bunny<br \/>\u201cDTmF\u201d \u2013 Bad Bunny<br \/>\u201cEl D\u00eda Del Amigo\u201d \u2013 CA7RIEL &amp; Paco Amoroso<br \/>\u201c#Tetas\u201d \u2013 CA7RIEL &amp; Paco Amoroso<br \/>\u201cDesastres Fabulosos\u201d \u2013 Jorge Drexler &amp; Conociendo Rusia<br \/>\u201cLara\u201d \u2013 Zoe Gotusso<br \/>\u201cSi Antes Te Hubiera Conocido\u201d \u2013 Karol G<br \/>\u201cCancionera\u201d \u2013 Natalia Lafourcade<br \/>\u201cAo Teu Lado\u201d \u2013 Liniker<br \/>\u201cPalmeras En El Jard\u00edn\u201d \u2013 Alejandro Sanz<\/p>\n<p>\t \u00c1lbum do Ano <\/p>\n<p>Cosa Nuestra \u2013 Rauw Alejandro<br \/>Deb\u00ed Tirar M\u00e1s Fotos \u2013 Bad Bunny<br \/>Papota \u2013 CA7RIEL &amp; Paco Amoroso<br \/>Ra\u00edces \u2013 Gloria Estefan<br \/>Pu\u00f1ito De Yocah\u00fa \u2013 Vicente Garc\u00eda<br \/>Al Romper La Burbuja \u2013 Joaquina<br \/>Cancionera \u2013 Natalia Lafourcade<br \/>Palabra De To\u2019s (Seca) \u2013 Car\u00edn Le\u00f3n<br \/>Caju \u2013 Liniker<br \/>En Las Nubes \u2013 Con Mis Panas \u2013 Elena Rose<br \/>\u00bfY Ahora Qu\u00e9? \u2013 Alejandro Sanz<\/p>\n<p> Melhor \u00c1lbum de M\u00fasica de Ra\u00edzes em L\u00edngua Portuguesa <\/p>\n<p>Casa Cora\u00e7\u00e3o \u2013 Joyce Alane<br \/>Ao Vivo No Ccb: Homenagem A Jos\u00e9 M\u00e1rio Branco \u2013 Caman\u00e9<br \/>Universo De Paix\u00e3o \u2013 Natascha Falc\u00e3o<br \/>Transespacial \u2013 Fitti<br \/>Dominguinho \u2013 Jo\u00e3o Gomes, Mestrinho e Jota.p\u00ea<\/p>\n<p> Can\u00e7\u00e3o do Ano <\/p>\n<p>\u201cBaile Inolvidable\u201d \u2013 Bad Bunny<br \/>\u201cBogot\u00e1\u201d \u2013 Andr\u00e9s Cepeda<br \/>\u201cCancionera\u201d \u2013 Natalia Lafourcade<br \/>\u201cDTmF\u201d \u2013 Bad Bunny<br \/>\u201cEl D\u00eda Del Amigo\u201d \u2013 CA7RIEL &amp; Paco Amoroso<br \/>\u201cOtra Noche De Llorar\u201d \u2013 Mon Laferte<br \/>\u201cPalmeras En El Jard\u00edn\u201d \u2013 Alejandro Sanz<br \/>\u201cSi Antes Te Hubiera Conocido\u201d \u2013 Karol G<br \/>\u201c#Tetas\u201d \u2013 CA7RIEL &amp; Paco Amoroso<br \/>\u201cVeludo Marrom\u201d \u2013 Liniker<\/p>\n<p>\t Artista Revela\u00e7\u00e3o <\/p>\n<p>Alleh<br \/>Annasofia<br \/>Yerai Cort\u00e9s<br \/>Juliane Gamboa<br \/>Camila Guevara<br \/>Isadora<br \/>Alex Luna<br \/>Paloma Morphy<br \/>Sued Nunes<br \/>Ruzzi<\/p>\n<p> Melhor \u00c1lbum Pop Contempor\u00e2neo <\/p>\n<p>Cuarto Azul \u2013 Aitana<br \/>Palacio \u2013 Elsa y Elmar<br \/>Al Romper La Burbuja \u2013 Joaquina<br \/>En Las Nubes \u2013 Con Mis Panas \u2013 Elena Rose<br \/>\u00bfY Ahora Qu\u00e9? \u2013 Alejandro Sanz<\/p>\n<p> Melhor \u00c1lbum Pop Tradicional <\/p>\n<p>Bogot\u00e1 \u2013 Andr\u00e9s Cepeda<br \/>Cursi \u2013 Zoe Gotusso<br \/>Lo Que Nos Falt\u00f3 Decir \u2013 Jesse &amp; Joy<br \/>Natalia Lafourcade Live At Carnegie Hall \u2013 Natalia Lafourcade<br \/>Despu\u00e9s De Los 30 \u2013 Raquel Sof\u00eda<\/p>\n<p>\t Melhor Can\u00e7\u00e3o Pop <\/p>\n<p>\u201cBogot\u00e1\u201d \u2013 Andr\u00e9s Cepeda<br \/>\u201cEl D\u00eda Del Amigo\u201d \u2013 CA7RIEL &amp; Paco Amoroso<br \/>\u201cQuerida Yo\u201d \u2013 Yami Safdie &amp; Camilo<br \/>\u201cSoltera\u201d \u2013 Shakira<br \/>\u201cTe Quiero\u201d \u2013 Nicole Zignago<\/p>\n<p> Melhor \u00c1lbum de Rock <\/p>\n<p>Legado \u2013 A.N.I.M.A.L<br \/>Luna En Obras (En Vivo) \u2013 Marilina Bertoldi<br \/>A Tres D\u00edas de la Tierra \u2013 Eruca Sativa<br \/>Gigante \u2013 Leiva<br \/>Novela \u2013 Fito Paez<\/p>\n<p> Melhor Can\u00e7\u00e3o de Rock <\/p>\n<p>\u201cLa Torre\u201d \u2013 RENEE<br \/>\u201cLegado\u201d \u2013 A.N.I.M.A.L<br \/>\u201cSale El Sol\u201d \u2013 Fito Paez<br \/>\u201cTRNA\u201d \u2013 Ali Stone<br \/>\u201cVolarte\u201d \u2013 Eruca Sativa<\/p>\n<p> Melhor \u00c1lbum Pop\/Rock <\/p>\n<p>V\u00e1ndalos \u2013 Bandalos Chinos<br \/>Malhablado \u2013 Diamante El\u00e9ctrico<br \/>Malcriado \u2013 Lasso<br \/>El \u00daltimo D\u00eda De Nuestras Vidas \u2013 Dani Mart\u00edn<br \/>Ya Es Ma\u00f1ana \u2013 Morat<br \/>R \u2013 RENEE<\/p>\n<p> Melhor Can\u00e7\u00e3o Pop\/Rock <\/p>\n<p>\u201c\u00c1ngulo Muerto\u201d \u2013 Leiva<br \/>\u201cDesastres Fabulosos\u201d \u2013 Jorge Drexler &amp; Conociendo Rusia<br \/>\u201cLucifer\u201d \u2013 Lasso<br \/>\u201cNo Llames Lo M\u00edo Nuestro\u201d \u2013 Joaquina<br \/>\u201cTu Manera De Amar\u201d \u2013 Debi Nova<br \/>\u201cUn \u00daltimo Vals\u201d \u2013 Joaqu\u00edn Sabina<\/p>\n<p> Melhor \u00c1lbum Cantautor <\/p>\n<p>Dos Hemisferios \u2013 Alejandro y Maria Laura<br \/>El Cuerpo Despu\u00e9s de Todo \u2013 Valeria Castro<br \/>Cancionera \u2013 Natalia Lafourcade<br \/>Cosas Que Sorprenden A La Audiencia \u2013 Vivir Quintana<br \/>Relatos \u2013 Ale Z\u00e9guer<\/p>\n<p> Melhor Can\u00e7\u00e3o Cantautor <\/p>\n<p>\u201cAeropuerto\u201d \u2013 Joaquina<br \/>\u201cAmarte Sin Que Quieras Irte\u201d \u2013 Camil\u00fa<br \/>\u201cCancionera\u201d \u2013 Natalia Lafourcade<br \/>\u201cComo Un P\u00e1jaro\u201d \u2013 Silvana Estrada<br \/>\u201cQuisqueya\u201d \u2013 Vicente Garc\u00eda<\/p>\n<p> Melhor \u00c1lbum Pop Contempor\u00e2neo em Portugu\u00eas <\/p>\n<p>No Escuro, Quem \u00c9 Voc\u00ea? \u2013 Carol Biazin<br \/>Fugacidade \u2013 Janeiro<br \/>Caju \u2013 Liniker<br \/>Maravilhosamente Bem \u2013 Julia Mestre<br \/>Coisas Naturais \u2013 Marina Sena<\/p>\n<p> Melhor \u00c1lbum de Rock ou Alternativo em Portugu\u00eas <\/p>\n<p>O Mundo D\u00e1 Voltas \u2013 Baianasystem<br \/>Colinho \u2013 Maria Beraldo<br \/>Rea\u00e7\u00f5es Adversas \u2013 T\u00f3 Brandileone<br \/>Quanto Mais Eu Como, Mais Fome Eu Sinto! \u2013 Djonga<br \/>Big Buraco \u2013 Jadsa<\/p>\n<p> Melhor \u00c1lbum de Samba\/Pagode <\/p>\n<p>Alcione \u2013 Alcione<br \/>Manual Pr\u00e1tico Do Novo Samba Tradicional, Vol. 2 \u2013 Marcelo D2<br \/>Pagode Da Mart\u2019n\u00e1lia \u2013 Mart\u2019n\u00e1lia<br \/>Zeca Pagodinho \u2013 40 Anos (Ao Vivo) \u2013 Zeca Pagodinho<br \/>Sorriso Eu Gosto No Pagode Vol. 3 \u2013 Sorriso Maroto<\/p>\n<p> Melhor \u00c1lbum de MPB\/M\u00fasica Afro-Portuguesa Brasileira <\/p>\n<p>Sentido \u2013 5 A Seco<br \/>Um Mar Pra Cada Um \u2013 Luedji Luna<br \/>Pique \u2013 Dora Morelenbaum<br \/>Divina Casca \u2013 Rachel Reis<br \/>Beleza. Mas Agora A Gente Faz O Que Com Isso? \u2013 Rubel<\/p>\n<p> Melhor \u00c1lbum Sertanejo <\/p>\n<p>Let\u2019s Go Rodeo \u2013 Ana Castela<br \/>Jos\u00e9 &amp; Durval \u2013 Chit\u00e3ozinho &amp; Xoror\u00f3<br \/>Obrigado Deus \u2013 L\u00e9o Foguete<br \/>Transcende (Ao Vivo \/ Deluxe) \u2013 Lauana Prado<br \/>Do Velho Testamento \u2013 Tierry<\/p>\n<p> Melhor Can\u00e7\u00e3o em Portugu\u00eas <\/p>\n<p>\u201cMaravilhosamente Bem\u201d \u2013 Julia Mestre<br \/>\u201cOuro De Tolo\u201d \u2013 Marina Sena<br \/>\u201cTranse\u201d \u2013 Z\u00e9 Ibarra<br \/>\u201cUm Vento Passou (Para Paul Simon)\u201d \u2013 Milton Nascimento &amp; Esperanza Spalding<br \/>\u201cVeludo Marrom\u201d \u2013 Liniker<\/p>\n<p>        <a href=\"https:\/\/caras.com.br\/autor\/priscilla-comoti\" rel=\"nofollow noopener\" target=\"_blank\">&#13;<br \/>\n          <img alt=\"Priscilla Comoti\" src=\"https:\/\/www.europesays.com\/pt\/wp-content\/uploads\/2025\/11\/1763083215_693_e53883bdf02c542f6517b68879e8cb08b27a1d55c4dfd53577e47d3ab6331a06\"  class=\"avatar avatar-115 photo rounded-circle mr-3\" height=\"115\" width=\"115\" loading=\"lazy\" decoding=\"async\"\/>        <\/a><\/p>\n<p>Priscilla Comoti \u00e9 editora de conte\u00fado do site CARAS. Ela \u00e9 formada em jornalismo e em audiovisual, j\u00e1 passou pelos sites Contigo!, Minha Novela, TiTiTi, Mais Novela e Portal M\u00e1rcia Piovesan. Escreve sobre celebridades, not\u00edcias sobre a fam\u00edlia real brit\u00e2nica, TV, reality show e novelas.<\/p>\n<p>\t                                            <script async src=\"\/\/www.instagram.com\/embed.js\"><\/script><\/p>\n","protected":false},"excerpt":{"rendered":"Nesta quinta-feira, 13, a cidade de Las Vegas recebeu estrelas da m\u00fasica internacional para mais uma edi\u00e7\u00e3o do&hellip;\n","protected":false},"author":2,"featured_media":151216,"comment_status":"","ping_status":"","sticky":false,"template":"","format":"standard","meta":{"footnotes":""},"categories":[141],"tags":[211,114,115,980,19805,6658,149,150,32,33],"class_list":{"0":"post-151215","1":"post","2":"type-post","3":"status-publish","4":"format-standard","5":"has-post-thumbnail","7":"category-musica","8":"tag-celebridades","9":"tag-entertainment","10":"tag-entretenimento","11":"tag-famosos","12":"tag-grammy-latino","13":"tag-looks","14":"tag-music","15":"tag-musica","16":"tag-portugal","17":"tag-pt"},"share_on_mastodon":{"url":"https:\/\/pubeurope.com\/@pt\/115545428817727788","error":""},"_links":{"self":[{"href":"https:\/\/www.europesays.com\/pt\/wp-json\/wp\/v2\/posts\/151215","targetHints":{"allow":["GET"]}}],"collection":[{"href":"https:\/\/www.europesays.com\/pt\/wp-json\/wp\/v2\/posts"}],"about":[{"href":"https:\/\/www.europesays.com\/pt\/wp-json\/wp\/v2\/types\/post"}],"author":[{"embeddable":true,"href":"https:\/\/www.europesays.com\/pt\/wp-json\/wp\/v2\/users\/2"}],"replies":[{"embeddable":true,"href":"https:\/\/www.europesays.com\/pt\/wp-json\/wp\/v2\/comments?post=151215"}],"version-history":[{"count":0,"href":"https:\/\/www.europesays.com\/pt\/wp-json\/wp\/v2\/posts\/151215\/revisions"}],"wp:featuredmedia":[{"embeddable":true,"href":"https:\/\/www.europesays.com\/pt\/wp-json\/wp\/v2\/media\/151216"}],"wp:attachment":[{"href":"https:\/\/www.europesays.com\/pt\/wp-json\/wp\/v2\/media?parent=151215"}],"wp:term":[{"taxonomy":"category","embeddable":true,"href":"https:\/\/www.europesays.com\/pt\/wp-json\/wp\/v2\/categories?post=151215"},{"taxonomy":"post_tag","embeddable":true,"href":"https:\/\/www.europesays.com\/pt\/wp-json\/wp\/v2\/tags?post=151215"}],"curies":[{"name":"wp","href":"https:\/\/api.w.org\/{rel}","templated":true}]}}