{"id":151217,"date":"2025-11-14T01:22:09","date_gmt":"2025-11-14T01:22:09","guid":{"rendered":"https:\/\/www.europesays.com\/pt\/151217\/"},"modified":"2025-11-14T01:22:09","modified_gmt":"2025-11-14T01:22:09","slug":"benfica-estuda-regresso-de-rafa-silva-negociacao-promete-ser-complicada","status":"publish","type":"post","link":"https:\/\/www.europesays.com\/pt\/151217\/","title":{"rendered":"Benfica estuda regresso de Rafa Silva: negocia\u00e7\u00e3o promete ser complicada"},"content":{"rendered":"<p>&#8211; Advertisement &#8211;<\/p>\n<p>O Benfica est\u00e1 a acompanhar de perto a situa\u00e7\u00e3o de Rafa Silva no Besiktas, com o extremo a ponderar seriamente a sua sa\u00edda do emblema de Istambul, <a href=\"https:\/\/bolanarede.pt\/especial-bola-na-rede\/atualidade\/rafa-silva-recusa-se-a-jogar-pelo-besiktas-e-entra-em-choque-com-o-treinador-eis-as-novidades-sobre-o-futuro-do-portugues\/\" target=\"_blank\" rel=\"noreferrer noopener nofollow\">devido a incompatibilidades com o treinador principal<\/a>. Ainda assim, de acordo com o Record, a negocia\u00e7\u00e3o promete ser complicada.<\/p>\n<p>\u00c9 praticamente certo que o Besiktas n\u00e3o querer\u00e1 perder o internacional portugu\u00eas sem custos a meio de uma temporada, al\u00e9m de que Rafa Silva aufere um sal\u00e1rio principesco, a rondar os seis milh\u00f5es de euros por temporada, verba \u00e0 qual o Benfica n\u00e3o est\u00e1 disposto a chegar.<\/p>\n<p>Rafa Silva tem 32 anos e ena presente \u00e9poca soma 16 jogos, com cinco golos marcados e tr\u00eas assist\u00eancias. O jogador vestiu a camisola dos encarnados entre 2016 e 2024.<\/p>\n","protected":false},"excerpt":{"rendered":"&#8211; Advertisement &#8211; O Benfica est\u00e1 a acompanhar de perto a situa\u00e7\u00e3o de Rafa Silva no Besiktas, com&hellip;\n","protected":false},"author":2,"featured_media":151218,"comment_status":"","ping_status":"","sticky":false,"template":"","format":"standard","meta":{"footnotes":""},"categories":[87],"tags":[260,51,437,135,32,479,33,21749,134],"class_list":{"0":"post-151217","1":"post","2":"type-post","3":"status-publish","4":"format-standard","5":"has-post-thumbnail","7":"category-desporto","8":"tag-atualidade","9":"tag-benfica","10":"tag-besiktas","11":"tag-desporto","12":"tag-portugal","13":"tag-primeira-liga","14":"tag-pt","15":"tag-rafa-silva","16":"tag-sports"},"share_on_mastodon":{"url":"https:\/\/pubeurope.com\/@pt\/115545436539191477","error":""},"_links":{"self":[{"href":"https:\/\/www.europesays.com\/pt\/wp-json\/wp\/v2\/posts\/151217","targetHints":{"allow":["GET"]}}],"collection":[{"href":"https:\/\/www.europesays.com\/pt\/wp-json\/wp\/v2\/posts"}],"about":[{"href":"https:\/\/www.europesays.com\/pt\/wp-json\/wp\/v2\/types\/post"}],"author":[{"embeddable":true,"href":"https:\/\/www.europesays.com\/pt\/wp-json\/wp\/v2\/users\/2"}],"replies":[{"embeddable":true,"href":"https:\/\/www.europesays.com\/pt\/wp-json\/wp\/v2\/comments?post=151217"}],"version-history":[{"count":0,"href":"https:\/\/www.europesays.com\/pt\/wp-json\/wp\/v2\/posts\/151217\/revisions"}],"wp:featuredmedia":[{"embeddable":true,"href":"https:\/\/www.europesays.com\/pt\/wp-json\/wp\/v2\/media\/151218"}],"wp:attachment":[{"href":"https:\/\/www.europesays.com\/pt\/wp-json\/wp\/v2\/media?parent=151217"}],"wp:term":[{"taxonomy":"category","embeddable":true,"href":"https:\/\/www.europesays.com\/pt\/wp-json\/wp\/v2\/categories?post=151217"},{"taxonomy":"post_tag","embeddable":true,"href":"https:\/\/www.europesays.com\/pt\/wp-json\/wp\/v2\/tags?post=151217"}],"curies":[{"name":"wp","href":"https:\/\/api.w.org\/{rel}","templated":true}]}}