{"id":151219,"date":"2025-11-14T01:26:09","date_gmt":"2025-11-14T01:26:09","guid":{"rendered":"https:\/\/www.europesays.com\/pt\/151219\/"},"modified":"2025-11-14T01:26:09","modified_gmt":"2025-11-14T01:26:09","slug":"ser-diretor-antes-dos-30-nao-e-para-todos-o-portugues-paulo-costa-e-o-mais-jovem-director-do-goldman-sachs","status":"publish","type":"post","link":"https:\/\/www.europesays.com\/pt\/151219\/","title":{"rendered":"Ser diretor antes dos 30 n\u00e3o \u00e9 para todos: o portugu\u00eas Paulo Costa \u00e9 o mais jovem director do Goldman Sachs"},"content":{"rendered":"<p class=\"texto\">De dois em dois anos, o banco de investimento norte-americano Goldman Sachs, o 10\u00ba maior do mundo em capitaliza\u00e7\u00e3o de mercado, avaliado em 243 mil milh\u00f5es de d\u00f3lares (cerca de \u20ac210 mil milh\u00f5es ao c\u00e2mbio atual), promove um conjunto de quadros ao estatuto de managing director. Em 2023 foram promovidos 608 profissionais. Em 2025 chegou a hora de 638 funcion\u00e1rios ascenderem a este posto interm\u00e9dio na longa e dura escalada at\u00e9 ao cume da vida profissional de um banqueiro de investimento. Um dos profissionais promovidos \u00e9 o portugu\u00eas Paulo Costa. Com uma particularidade: aos 29 anos \u00e9 o mais jovem managing director de sempre da hist\u00f3ria do Goldman Sachs. At\u00e9 aqui, era diretor executivo de negocia\u00e7\u00e3o de dividendos nas regi\u00f5es da Europa, M\u00e9dio Oriente e \u00c1frica.<\/p>\n<p><a href=\"https:\/\/expresso.pt\/subscrever?action=GEN&amp;channel=VID&amp;type=CAP&amp;source=WEB&amp;returnUrl=https:\/\/expresso.pt\/economia\/o-ceo-e-o-limite\/2025-11-13-ser-diretor-antes-dos-30-nao-e-para-todos-o-portugues-paulo-costa-e-o-mais-jovem-director-do-goldman-sachs-7cc4575d&amp;utm_source=expresso&amp;utm_medium=locked_article&amp;locked=true&amp;article_id=380ef52a-3411-4a66-9cb2-6797d01079c4&amp;author_id=Pedro+Carreira+Garcia,M\u00f3nica+Damas&amp;category=O+CEO+\u00e9+o+limite\" target=\"_self\" class=\"\" rel=\"nofollow noopener\">Subscrever<\/a>J\u00e1 \u00e9 Subscritor?Fa\u00e7a login e continue a ler<a href=\"http:\/\/expresso.pt\/codigo?redirectUrl=https:\/\/expresso.pt\/economia\/o-ceo-e-o-limite\/2025-11-13-ser-diretor-antes-dos-30-nao-e-para-todos-o-portugues-paulo-costa-e-o-mais-jovem-director-do-goldman-sachs-7cc4575d\" target=\"_self\" class=\"\" rel=\"nofollow noopener\">Inserir C\u00f3digo<\/a>Comprou o Expresso?Insira o c\u00f3digo presente na Revista E para continuar a ler<\/p>\n","protected":false},"excerpt":{"rendered":"De dois em dois anos, o banco de investimento norte-americano Goldman Sachs, o 10\u00ba maior do mundo em&hellip;\n","protected":false},"author":2,"featured_media":151220,"comment_status":"","ping_status":"","sticky":false,"template":"","format":"standard","meta":{"footnotes":""},"categories":[83],"tags":[88,89,90,32,33],"class_list":{"0":"post-151219","1":"post","2":"type-post","3":"status-publish","4":"format-standard","5":"has-post-thumbnail","7":"category-empresas","8":"tag-business","9":"tag-economy","10":"tag-empresas","11":"tag-portugal","12":"tag-pt"},"share_on_mastodon":{"url":"https:\/\/pubeurope.com\/@pt\/115545452233326946","error":""},"_links":{"self":[{"href":"https:\/\/www.europesays.com\/pt\/wp-json\/wp\/v2\/posts\/151219","targetHints":{"allow":["GET"]}}],"collection":[{"href":"https:\/\/www.europesays.com\/pt\/wp-json\/wp\/v2\/posts"}],"about":[{"href":"https:\/\/www.europesays.com\/pt\/wp-json\/wp\/v2\/types\/post"}],"author":[{"embeddable":true,"href":"https:\/\/www.europesays.com\/pt\/wp-json\/wp\/v2\/users\/2"}],"replies":[{"embeddable":true,"href":"https:\/\/www.europesays.com\/pt\/wp-json\/wp\/v2\/comments?post=151219"}],"version-history":[{"count":0,"href":"https:\/\/www.europesays.com\/pt\/wp-json\/wp\/v2\/posts\/151219\/revisions"}],"wp:featuredmedia":[{"embeddable":true,"href":"https:\/\/www.europesays.com\/pt\/wp-json\/wp\/v2\/media\/151220"}],"wp:attachment":[{"href":"https:\/\/www.europesays.com\/pt\/wp-json\/wp\/v2\/media?parent=151219"}],"wp:term":[{"taxonomy":"category","embeddable":true,"href":"https:\/\/www.europesays.com\/pt\/wp-json\/wp\/v2\/categories?post=151219"},{"taxonomy":"post_tag","embeddable":true,"href":"https:\/\/www.europesays.com\/pt\/wp-json\/wp\/v2\/tags?post=151219"}],"curies":[{"name":"wp","href":"https:\/\/api.w.org\/{rel}","templated":true}]}}