{"id":151221,"date":"2025-11-14T01:29:15","date_gmt":"2025-11-14T01:29:15","guid":{"rendered":"https:\/\/www.europesays.com\/pt\/151221\/"},"modified":"2025-11-14T01:29:15","modified_gmt":"2025-11-14T01:29:15","slug":"diamantino-perdeu-as-pernas-e-perguntou-a-namorada-se-o-queria-deixar-a-resposta-esta-a-comover-o-pais-dois-as-10","status":"publish","type":"post","link":"https:\/\/www.europesays.com\/pt\/151221\/","title":{"rendered":"Diamantino perdeu as pernas e perguntou \u00e0 namorada se o queria deixar. A resposta est\u00e1 a comover o Pa\u00eds &#8211; Dois \u00e0s 10"},"content":{"rendered":"<p>                        Aos 24 anos, a vida de Diamantino mudou para sempre. Um acidente de mota ocorrido h\u00e1 dois meses deixou-o sem as duas pernas. <\/p>\n<p data-end=\"838\" data-start=\"542\">Diamantino Pereira tinha apenas 24 anos quando, numa tarde aparentemente normal, tudo mudou. O jovem seguia sozinho na sua mota quando perdeu o controlo e foi projetado contra os rails.<strong> \u201cQuando olhei, vi as minhas pernas\u2026 percebi logo o que tinha acontecido\u201d,<\/strong> recorda, emocionado.<\/p>\n<p data-end=\"1103\" data-start=\"840\">O impacto foi brutal. No local, m\u00e9dicos, enfermeiros e bombeiros que seguiam atr\u00e1s da mota prestaram-lhe os primeiros socorros e salvaram-lhe a vida. <strong>\u201cFizeram-me garrotes e reanimaram-me. Atr\u00e1s de mim iam profissionais de sa\u00fade \u2014 foi essa a minha sorte\u201d<\/strong>, conta.<\/p>\n<p data-end=\"1314\" data-start=\"1105\">No hospital, Diamantino recebeu 18 transfus\u00f5es de sangue e teve de lidar com m\u00faltiplas fraturas: tr\u00eas costelas, a clav\u00edcula e um pulm\u00e3o perfurado. <strong>\u201cAcredito mesmo que foi um milagre ter sobrevivido\u201d<\/strong>, afirma.<\/p>\n<p data-end=\"1523\" data-start=\"1316\">O reencontro com a fam\u00edlia foi dos momentos mais duros. O jovem admitiu que deu liberdade \u00e0 namorada para o deixar:<strong> &#8220;Perguntei \u00e0 minha namorada se queria desistir&#8221;. <\/strong>A resposta foi a mais emocionante, com o amor a ser a uni\u00e3o.<\/p>\n<p data-end=\"2022\" data-start=\"1734\">Hoje, Diamantino continua em recupera\u00e7\u00e3o no Centro de Reabilita\u00e7\u00e3o do Norte, onde faz fisioterapia e terapia ocupacional para se preparar para receber pr\u00f3teses. Cada uma poder\u00e1 custar entre 40 e 60 mil euros \u2014 valor que a fam\u00edlia tenta angariar atrav\u00e9s de uma campanha solid\u00e1ria online.<\/p>\n<p data-end=\"2184\" data-start=\"2024\">Apesar de tudo, o jovem mant\u00e9m o esp\u00edrito positivo.<strong> \u201cIsto n\u00e3o \u00e9 o fim do mundo\u2026 h\u00e1 sempre algu\u00e9m pior. Eu acredito que vou voltar a andar\u201d<\/strong>, diz com esperan\u00e7a.<\/p>\n<p>\n  \u00a0<\/p>\n","protected":false},"excerpt":{"rendered":"Aos 24 anos, a vida de Diamantino mudou para sempre. Um acidente de mota ocorrido h\u00e1 dois meses&hellip;\n","protected":false},"author":2,"featured_media":151222,"comment_status":"","ping_status":"","sticky":false,"template":"","format":"standard","meta":{"footnotes":""},"categories":[8],"tags":[59,27,28,329,166,32814,3412,3406,3409,801,3410,3411,3407,3408,15,16,14,25,26,21,22,3413,338,12,13,19,20,32,23,24,33,17,18,29,30,31],"class_list":{"0":"post-151221","1":"post","2":"type-post","3":"status-publish","4":"format-standard","5":"has-post-thumbnail","7":"category-principais-noticias","8":"tag-acidente","9":"tag-breaking-news","10":"tag-breakingnews","11":"tag-claudio-ramos","12":"tag-cristina-ferreira","13":"tag-diamantino","14":"tag-dois-10","15":"tag-dois-a-s-10-dois-a-s-10","16":"tag-dois-a-s-dez","17":"tag-dois-as-10","18":"tag-dois-as-dez","19":"tag-dois-dez","20":"tag-doisas10","21":"tag-doisasdez","22":"tag-featured-news","23":"tag-featurednews","24":"tag-headlines","25":"tag-latest-news","26":"tag-latestnews","27":"tag-main-news","28":"tag-mainnews","29":"tag-manha-tvi","30":"tag-maria-botelho-moniz","31":"tag-news","32":"tag-noticias","33":"tag-noticias-principais","34":"tag-noticiasprincipais","35":"tag-portugal","36":"tag-principais-noticias","37":"tag-principaisnoticias","38":"tag-pt","39":"tag-top-stories","40":"tag-topstories","41":"tag-ultimas","42":"tag-ultimas-noticias","43":"tag-ultimasnoticias"},"share_on_mastodon":{"url":"","error":"Validation failed: Text character limit of 500 exceeded"},"_links":{"self":[{"href":"https:\/\/www.europesays.com\/pt\/wp-json\/wp\/v2\/posts\/151221","targetHints":{"allow":["GET"]}}],"collection":[{"href":"https:\/\/www.europesays.com\/pt\/wp-json\/wp\/v2\/posts"}],"about":[{"href":"https:\/\/www.europesays.com\/pt\/wp-json\/wp\/v2\/types\/post"}],"author":[{"embeddable":true,"href":"https:\/\/www.europesays.com\/pt\/wp-json\/wp\/v2\/users\/2"}],"replies":[{"embeddable":true,"href":"https:\/\/www.europesays.com\/pt\/wp-json\/wp\/v2\/comments?post=151221"}],"version-history":[{"count":0,"href":"https:\/\/www.europesays.com\/pt\/wp-json\/wp\/v2\/posts\/151221\/revisions"}],"wp:featuredmedia":[{"embeddable":true,"href":"https:\/\/www.europesays.com\/pt\/wp-json\/wp\/v2\/media\/151222"}],"wp:attachment":[{"href":"https:\/\/www.europesays.com\/pt\/wp-json\/wp\/v2\/media?parent=151221"}],"wp:term":[{"taxonomy":"category","embeddable":true,"href":"https:\/\/www.europesays.com\/pt\/wp-json\/wp\/v2\/categories?post=151221"},{"taxonomy":"post_tag","embeddable":true,"href":"https:\/\/www.europesays.com\/pt\/wp-json\/wp\/v2\/tags?post=151221"}],"curies":[{"name":"wp","href":"https:\/\/api.w.org\/{rel}","templated":true}]}}