{"id":151225,"date":"2025-11-14T01:33:14","date_gmt":"2025-11-14T01:33:14","guid":{"rendered":"https:\/\/www.europesays.com\/pt\/151225\/"},"modified":"2025-11-14T01:33:14","modified_gmt":"2025-11-14T01:33:14","slug":"luxos-e-mais-luxos-dylan-revela-a-colecao-de-carros-topo-de-gama-que-ja-teve-e-sao-uma-fortuna-secret-story","status":"publish","type":"post","link":"https:\/\/www.europesays.com\/pt\/151225\/","title":{"rendered":"Luxos e mais luxos. Dylan revela a cole\u00e7\u00e3o de carros topo de gama que j\u00e1 teve: e s\u00e3o uma fortuna! &#8211; Secret Story"},"content":{"rendered":"<p><strong>Dylan esconde o segredo \u00abos meus pais s\u00e3o milion\u00e1rios\u00bb no Secret Story 9<\/strong>, e recentemente revelou alguns pormenores da sua vida que podem levar os colegas a desvendarem este mist\u00e9rio. O <a href=\"https:\/\/tvi.iol.pt\/secretstory\/videos\/concorrente-fez-um-emprestimo-para-comprar-um-carro-de-luxo-fiquei-a-pagar-1000-e-tal-euros-por-mes\/6914c5a30cf2c7eb24444f19\" rel=\"nofollow noopener\" target=\"_blank\">concorrente <strong>exp\u00f4s a cole\u00e7\u00e3o de carros de luxo que j\u00e1 teve<\/strong><\/a>, e todos eles s\u00e3o uma pequena fortuna.\u00a0<\/p>\n<p>As revela\u00e7\u00f5es foram feitas durante uma conversa com os seus aliados, no jardim. <strong>\u00abFiz um empr\u00e9stimo para comprar um Porsche dourado. Pagava mil e tal euros por m\u00eas.<\/strong> Faltavam-me uns 40 mil, e depois vendi-o. Ao vender, paguei o que faltava. Custava 180 mil quando o comprei\u00bb, come\u00e7ou por dizer.<\/p>\n<p>Os concorrentes ficaram surpreendidos com a revela\u00e7\u00e3o e <a href=\"https:\/\/tvi.iol.pt\/secretstory\/search?pagina=4&amp;pesquisa=dylan\" rel=\"nofollow noopener\" target=\"_blank\">Dylan prosseguiu<\/a>: \u00ab<strong>Dei o meu \u00e0 troca, por cerca de 85 mil, salvo erro<\/strong>. Depois fiquei a pagar mil e tal euros por m\u00eas. N\u00e3o paguei durante quatro anos\u00bb.\u00a0<\/p>\n<p>Na mesma conversa, Dylan contou que o seu primeiro carro foi um Mercedes topo de gama. \u00abO meu primeiro carro recebi-o aos 18 anos, oferecido pelos meus pais, era um Mercedes. <strong>Troquei esse Mercedes para comprar outro.<\/strong> Dei o Mercedes \u00e0 troca e fiz um empr\u00e9stimo para comprar o novo. Mais tarde, dei esse outro \u00e0 troca para comprar outro ainda, e voltei a fazer um empr\u00e9stimo. O de 85 mil tinha custado 114 mil, mas quando o dei \u00e0 troca j\u00e1 s\u00f3 me ofereceram 85\u00bb, adiantou.\u00a0<\/p>\n<p><strong>Pode ver aqui o v\u00eddeo do momento:<\/strong><\/p>\n","protected":false},"excerpt":{"rendered":"Dylan esconde o segredo \u00abos meus pais s\u00e3o milion\u00e1rios\u00bb no Secret Story 9, e recentemente revelou alguns pormenores&hellip;\n","protected":false},"author":2,"featured_media":151226,"comment_status":"","ping_status":"","sticky":false,"template":"","format":"standard","meta":{"footnotes":""},"categories":[142],"tags":[2637,19105,114,115,18800,32,33,151,162,18801],"class_list":{"0":"post-151225","1":"post","2":"type-post","3":"status-publish","4":"format-standard","5":"has-post-thumbnail","7":"category-tv","8":"tag-carros","9":"tag-dylan","10":"tag-entertainment","11":"tag-entretenimento","12":"tag-momentos-virais-secret-story","13":"tag-portugal","14":"tag-pt","15":"tag-tv","16":"tag-tvi","17":"tag-videos-virais-concorrentes"},"share_on_mastodon":{"url":"https:\/\/pubeurope.com\/@pt\/115545479949574999","error":""},"_links":{"self":[{"href":"https:\/\/www.europesays.com\/pt\/wp-json\/wp\/v2\/posts\/151225","targetHints":{"allow":["GET"]}}],"collection":[{"href":"https:\/\/www.europesays.com\/pt\/wp-json\/wp\/v2\/posts"}],"about":[{"href":"https:\/\/www.europesays.com\/pt\/wp-json\/wp\/v2\/types\/post"}],"author":[{"embeddable":true,"href":"https:\/\/www.europesays.com\/pt\/wp-json\/wp\/v2\/users\/2"}],"replies":[{"embeddable":true,"href":"https:\/\/www.europesays.com\/pt\/wp-json\/wp\/v2\/comments?post=151225"}],"version-history":[{"count":0,"href":"https:\/\/www.europesays.com\/pt\/wp-json\/wp\/v2\/posts\/151225\/revisions"}],"wp:featuredmedia":[{"embeddable":true,"href":"https:\/\/www.europesays.com\/pt\/wp-json\/wp\/v2\/media\/151226"}],"wp:attachment":[{"href":"https:\/\/www.europesays.com\/pt\/wp-json\/wp\/v2\/media?parent=151225"}],"wp:term":[{"taxonomy":"category","embeddable":true,"href":"https:\/\/www.europesays.com\/pt\/wp-json\/wp\/v2\/categories?post=151225"},{"taxonomy":"post_tag","embeddable":true,"href":"https:\/\/www.europesays.com\/pt\/wp-json\/wp\/v2\/tags?post=151225"}],"curies":[{"name":"wp","href":"https:\/\/api.w.org\/{rel}","templated":true}]}}