{"id":151229,"date":"2025-11-14T01:35:12","date_gmt":"2025-11-14T01:35:12","guid":{"rendered":"https:\/\/www.europesays.com\/pt\/151229\/"},"modified":"2025-11-14T01:35:12","modified_gmt":"2025-11-14T01:35:12","slug":"doutor-estranho-3-estaria-em-desenvolvimento-diz-site","status":"publish","type":"post","link":"https:\/\/www.europesays.com\/pt\/151229\/","title":{"rendered":"Doutor Estranho 3 estaria em desenvolvimento, diz site"},"content":{"rendered":"<p>  <img decoding=\"async\" src=\"https:\/\/cdn.ome.lt\/static\/omelete\/img\/loading.svg\" alt=\"\"\/><\/p>\n<p>  <img decoding=\"async\" class=\"article__cover__image\" data-lazy-src-mob=\"\/\/cdn.ome.lt\/oIgdJemdMygIt_-l_KK72jhybt8=\/570x0\/smart\/filters:format(webp)\/uploads\/conteudo\/fotos\/679a5f41196626c40985a100.webp\" data-lazy-src=\"https:\/\/cdn.ome.lt\/lKTOIh7Ubu3FhX_J3ho9CKIqkMA=\/987x0\/smart\/filters:format(webp)\/uploads\/conteudo\/fotos\/679a5f41196626c40985a100.webp\" src=\"data:image\/png;base64,iVBORw0KGgoAAAANSUhEUgAAAAEAAAABCAQAAAC1HAwCAAAAC0lEQVR42mNkYAAAAAYAAjCB0C8AAAAASUVORK5CYII=\" alt=\"Doutor Estranho\" title=\"Doutor Estranho\" width=\"987\" height=\"555\" fetchpriority=\"high\"\/><\/p>\n<p class=\"article__cover__credits\">\n  Cr\u00e9ditos da imagem:<br \/>\n  Reprodu\u00e7\u00e3o\n<\/p>\n<p>Segundo informa\u00e7\u00f5es do\u00a0Nexus Point News,\u00a0a\u00a0<strong>Marvel\u00a0<\/strong>estaria no come\u00e7o do seu desenvolvimento do pr\u00f3ximo filme do <strong>Doutor Estranho<\/strong>, segundo algumas fontes do site, o projeto est\u00e1 em andamento na Casa das Ideias, com maior envolvimento de <strong>Benedict Cumberbatch<\/strong> nos bastidores.<\/p>\n<p>O filme agora estaria procurando um novo roteirista e um diretor, e segundo o site, Cumberbatch estaria interessado em ver\u00a0<strong>Sam Mendes\u00a0<\/strong>no longa, contudo, o diretor est\u00e1 envolvido com os quatro filmes dos\u00a0<strong>Beatles<\/strong>, o que deixaria as coisas um pouco dif\u00edcil.\u00a0<\/p>\n<p>            Continua depois da Publicidade<\/p>\n<p>Tamb\u00e9m foi dito pelo site que\u00a0<strong>Sam Raimi\u00a0<\/strong>e\u00a0<strong>Michael Waldron\u00a0<\/strong>n\u00e3o devem retornar para o terceiro longa. Al\u00e9m disso, o filme n\u00e3o deve come\u00e7ar a produ\u00e7\u00e3o antes da finaliza\u00e7\u00e3o das grava\u00e7\u00f5es de\u00a0<strong>Vingadores: Guerras Secretas<\/strong>.\u00a0<\/p>\n<p>Como n\u00e3o existe ainda um roteirista, ou um diretor, n\u00e3o temos muitas informa\u00e7\u00f5es sobre o que pode ser o tema do filme. Como sabemos que no final de\u00a0Multiverso da Loucura,\u00a0o Doutor Estranho estava lidando com incurs\u00f5es, \u00e9 poss\u00edvel que esse arco se desenrole em\u00a0Guerras Secretas.\u00a0<\/p>\n<p>\u00a0<\/p>\n","protected":false},"excerpt":{"rendered":"Cr\u00e9ditos da imagem: Reprodu\u00e7\u00e3o Segundo informa\u00e7\u00f5es do\u00a0Nexus Point News,\u00a0a\u00a0Marvel\u00a0estaria no come\u00e7o do seu desenvolvimento do pr\u00f3ximo filme do&hellip;\n","protected":false},"author":2,"featured_media":151230,"comment_status":"","ping_status":"","sticky":false,"template":"","format":"standard","meta":{"footnotes":""},"categories":[140],"tags":[114,115,147,148,146,32,33],"class_list":{"0":"post-151229","1":"post","2":"type-post","3":"status-publish","4":"format-standard","5":"has-post-thumbnail","7":"category-filmes","8":"tag-entertainment","9":"tag-entretenimento","10":"tag-film","11":"tag-filmes","12":"tag-movies","13":"tag-portugal","14":"tag-pt"},"share_on_mastodon":{"url":"https:\/\/pubeurope.com\/@pt\/115545487837006777","error":""},"_links":{"self":[{"href":"https:\/\/www.europesays.com\/pt\/wp-json\/wp\/v2\/posts\/151229","targetHints":{"allow":["GET"]}}],"collection":[{"href":"https:\/\/www.europesays.com\/pt\/wp-json\/wp\/v2\/posts"}],"about":[{"href":"https:\/\/www.europesays.com\/pt\/wp-json\/wp\/v2\/types\/post"}],"author":[{"embeddable":true,"href":"https:\/\/www.europesays.com\/pt\/wp-json\/wp\/v2\/users\/2"}],"replies":[{"embeddable":true,"href":"https:\/\/www.europesays.com\/pt\/wp-json\/wp\/v2\/comments?post=151229"}],"version-history":[{"count":0,"href":"https:\/\/www.europesays.com\/pt\/wp-json\/wp\/v2\/posts\/151229\/revisions"}],"wp:featuredmedia":[{"embeddable":true,"href":"https:\/\/www.europesays.com\/pt\/wp-json\/wp\/v2\/media\/151230"}],"wp:attachment":[{"href":"https:\/\/www.europesays.com\/pt\/wp-json\/wp\/v2\/media?parent=151229"}],"wp:term":[{"taxonomy":"category","embeddable":true,"href":"https:\/\/www.europesays.com\/pt\/wp-json\/wp\/v2\/categories?post=151229"},{"taxonomy":"post_tag","embeddable":true,"href":"https:\/\/www.europesays.com\/pt\/wp-json\/wp\/v2\/tags?post=151229"}],"curies":[{"name":"wp","href":"https:\/\/api.w.org\/{rel}","templated":true}]}}