{"id":15123,"date":"2025-08-04T05:42:18","date_gmt":"2025-08-04T05:42:18","guid":{"rendered":"https:\/\/www.europesays.com\/pt\/15123\/"},"modified":"2025-08-04T05:42:18","modified_gmt":"2025-08-04T05:42:18","slug":"porsche-confirma-novo-suv-a-combustao-para-2028","status":"publish","type":"post","link":"https:\/\/www.europesays.com\/pt\/15123\/","title":{"rendered":"Porsche confirma novo SUV a combust\u00e3o para 2028"},"content":{"rendered":"<p data-start=\"324\" data-end=\"656\">A Porsche confirmou que lan\u00e7ar\u00e1 um novo SUV a gasolina em 2028. A novidade substituir\u00e1 o Macan original, que deixar\u00e1 de ser produzido no ano que vem. O modelo j\u00e1 havia sido retirado da Europa em 2024 por n\u00e3o atender \u00e0 nova regulamenta\u00e7\u00e3o de seguran\u00e7a GSR2 e ser\u00e1 descontinuado globalmente em 2026. O novo SUV n\u00e3o usar\u00e1 o nome Macan.<\/p>\n<p data-start=\"658\" data-end=\"979\">Apesar de seguir \u00e0 venda em mercados fora da Europa, o Macan atual est\u00e1 com os dias contados. A Porsche vai concentrar o nome apenas na segunda gera\u00e7\u00e3o, agora 100% el\u00e9trica, que assumir\u00e1 como linha definitiva do modelo. O novo SUV a combust\u00e3o ser\u00e1 um projeto in\u00e9dito e ocupar\u00e1 espa\u00e7o semelhante, mas com outra identidade.<\/p>\n<p>                            <a href=\"http:\/\/motor1.uol.com.br\/photos\/815664\/porsche-macan-2022-brasil\/#6622529_porsche-macan-2022-brasil\" class=\"msnt-photo-thumb-gallery-main-photo-box\" rel=\"nofollow noopener\" target=\"_blank\"><\/p>\n<p>                                    <img decoding=\"async\" src=\"https:\/\/www.europesays.com\/pt\/wp-content\/uploads\/2025\/07\/16x9-tr.png\" loading=\"lazy\" alt=\"Porsche Macan 2022 (Brasil)\" width=\"16\" height=\"9\"\/><\/p>\n<p>                            <\/a><\/p>\n<p>                                    32                                <\/p>\n<p data-start=\"981\" data-end=\"1300\">O CEO Oliver Blume confirmou a novidade durante a confer\u00eancia de resultados do primeiro semestre de 2025. Segundo ele, o novo utilit\u00e1rio ser\u00e1 \u201cum Porsche muito, muito t\u00edpico para esse segmento\u201d e ter\u00e1 proposta diferente do Macan BEV. O projeto foi aprovado recentemente e j\u00e1 entrou em fase de desenvolvimento acelerado.<\/p>\n<p data-start=\"1302\" data-end=\"1556\">A empresa diz trabalhar com prazos mais curtos para colocar o carro nas ruas em apenas tr\u00eas anos. Ainda n\u00e3o h\u00e1 prot\u00f3tipos rodando, mas a promessa \u00e9 de um design in\u00e9dito, com \u201cperfil caracter\u00edstico da Porsche\u201d, mantendo propor\u00e7\u00f5es pr\u00f3ximas ao Macan atual.<\/p>\n<p>        <img decoding=\"async\" src=\"https:\/\/www.europesays.com\/pt\/wp-content\/uploads\/2025\/07\/16x9-tr.png\" alt=\"Impress\u00f5es Porsche Macan EV (BR) (5)\" width=\"16\" height=\"9\" loading=\"lazy\"\/><\/p>\n<p>Foto de: InsideEVs Brasil<\/p>\n<p data-start=\"1558\" data-end=\"1803\">A decis\u00e3o representa uma mudan\u00e7a de rumo. A <a href=\"https:\/\/motor1.uol.com.br\/porsche\/\" data-inline-widget=\"internal-links\" rel=\"nofollow noopener\" target=\"_blank\">Porsche<\/a> inicialmente apostava apenas no Macan el\u00e9trico, mas a demanda por EVs n\u00e3o cresceu como o esperado. Isso levou a marca a rever seus planos e incluir novamente um modelo a combust\u00e3o no portf\u00f3lio.<\/p>\n<p data-start=\"1558\" data-end=\"1803\">Parte dos \u201cgastos adicionais significativos\u201d que a marca mencionou em mar\u00e7o ser\u00e1 destinada justamente a esse desenvolvimento. Na ocasi\u00e3o, a empresa j\u00e1 avaliava uma nova linha de SUVs com motores t\u00e9rmicos e h\u00edbridos. Agora, o plano virou realidade.<\/p>\n<p>        <img decoding=\"async\" src=\"https:\/\/www.europesays.com\/pt\/wp-content\/uploads\/2025\/07\/16x9-tr.png\" alt=\"Impress\u00f5es Porsche Macan EV (BR)\" width=\"16\" height=\"9\" loading=\"lazy\"\/><\/p>\n<p>Foto de: Porsche<\/p>\n<p data-start=\"2054\" data-end=\"2330\">O novo SUV deve aproveitar a Plataforma Premium de Combust\u00e3o (PPC), usada pelo novo <a href=\"https:\/\/motor1.uol.com.br\/audi\/\" data-inline-widget=\"internal-links\" rel=\"nofollow noopener\" target=\"_blank\">Audi <\/a>Q5. Essa base suporta motores a gasolina, h\u00edbridos plug-in e op\u00e7\u00f5es V6 micro-h\u00edbridas, como o conjunto de 362 cv do SQ5. A tend\u00eancia \u00e9 que o novo Porsche compartilhe parte dessa arquitetura.<\/p>\n<p data-start=\"2332\" data-end=\"2655\">Embora herde elementos do <a href=\"https:\/\/motor1.uol.com.br\/audi\/q5\/\" data-inline-widget=\"internal-links\" rel=\"nofollow noopener\" target=\"_blank\">Q5<\/a>, o novo SUV ser\u00e1 um produto exclusivo. A Porsche j\u00e1 adiantou que o projeto \u201cse beneficiar\u00e1 das sinergias\u201d com outras marcas do grupo, mas ter\u00e1 design e calibra\u00e7\u00e3o pr\u00f3prios. Motores a diesel est\u00e3o descartados, desde que a marca abandonou esse tipo de propulsor em 2018, ap\u00f3s o Dieselgate.<\/p>\n<p>        <img decoding=\"async\" src=\"https:\/\/www.europesays.com\/pt\/wp-content\/uploads\/2025\/07\/16x9-tr.png\" alt=\"Impress\u00f5es Porsche Macan EV (BR) (2)\" width=\"16\" height=\"9\" loading=\"lazy\"\/><\/p>\n<p>Foto de: InsideEVs Brasil<\/p>\n<p data-start=\"2657\" data-end=\"2920\">Com a aposentadoria do <a href=\"https:\/\/motor1.uol.com.br\/porsche\/macan\/\" data-inline-widget=\"internal-links\" rel=\"nofollow noopener\" target=\"_blank\">Macan<\/a> t\u00e9rmico em 2026, haver\u00e1 um hiato de dois anos at\u00e9 a chegada do novo modelo. Nesse per\u00edodo, a linha Macan ficar\u00e1 restrita \u00e0 vers\u00e3o el\u00e9trica. A ideia \u00e9 que os dois produtos coexistam, atendendo a diferentes mercados e perfis de cliente.<\/p>\n<p> <img decoding=\"async\" class=\"sizer\" draggable=\"false\" src=\"data:image\/png;base64,iVBORw0KGgoAAAANSUhEUgAAABAAAAAJCAYAAAA7KqwyAAAAGXRFWHRTb2Z0d2FyZQBBZG9iZSBJbWFnZVJlYWR5ccllPAAAABpJREFUeNpi\/P\/\/PwMlgImBQjBqwLAwACDAAOVfAw9\/ZDvcAAAAAElFTkSuQmCC\" alt=\"\"\/>                           <\/p>\n","protected":false},"excerpt":{"rendered":"A Porsche confirmou que lan\u00e7ar\u00e1 um novo SUV a gasolina em 2028. A novidade substituir\u00e1 o Macan original,&hellip;\n","protected":false},"author":2,"featured_media":15124,"comment_status":"","ping_status":"","sticky":false,"template":"","format":"standard","meta":{"footnotes":""},"categories":[83],"tags":[88,89,90,729,4311,32,33],"class_list":{"0":"post-15123","1":"post","2":"type-post","3":"status-publish","4":"format-standard","5":"has-post-thumbnail","7":"category-empresas","8":"tag-business","9":"tag-economy","10":"tag-empresas","11":"tag-oficial","12":"tag-porsche","13":"tag-portugal","14":"tag-pt"},"share_on_mastodon":{"url":"","error":""},"_links":{"self":[{"href":"https:\/\/www.europesays.com\/pt\/wp-json\/wp\/v2\/posts\/15123","targetHints":{"allow":["GET"]}}],"collection":[{"href":"https:\/\/www.europesays.com\/pt\/wp-json\/wp\/v2\/posts"}],"about":[{"href":"https:\/\/www.europesays.com\/pt\/wp-json\/wp\/v2\/types\/post"}],"author":[{"embeddable":true,"href":"https:\/\/www.europesays.com\/pt\/wp-json\/wp\/v2\/users\/2"}],"replies":[{"embeddable":true,"href":"https:\/\/www.europesays.com\/pt\/wp-json\/wp\/v2\/comments?post=15123"}],"version-history":[{"count":0,"href":"https:\/\/www.europesays.com\/pt\/wp-json\/wp\/v2\/posts\/15123\/revisions"}],"wp:featuredmedia":[{"embeddable":true,"href":"https:\/\/www.europesays.com\/pt\/wp-json\/wp\/v2\/media\/15124"}],"wp:attachment":[{"href":"https:\/\/www.europesays.com\/pt\/wp-json\/wp\/v2\/media?parent=15123"}],"wp:term":[{"taxonomy":"category","embeddable":true,"href":"https:\/\/www.europesays.com\/pt\/wp-json\/wp\/v2\/categories?post=15123"},{"taxonomy":"post_tag","embeddable":true,"href":"https:\/\/www.europesays.com\/pt\/wp-json\/wp\/v2\/tags?post=15123"}],"curies":[{"name":"wp","href":"https:\/\/api.w.org\/{rel}","templated":true}]}}